{"id":1053,"date":"2009-02-21T20:17:03","date_gmt":"2009-02-21T19:17:03","guid":{"rendered":"http:\/\/flavienneuvy.fr\/index.php\/2009\/02\/21\/propos-scandale\/"},"modified":"2009-02-21T20:17:03","modified_gmt":"2009-02-21T19:17:03","slug":"propos-scandale","status":"publish","type":"post","link":"https:\/\/flavienneuvy.fr\/index.php\/2009\/02\/21\/propos-scandale\/","title":{"rendered":"Propos scandaleux de Christiane Taubira"},"content":{"rendered":"<blockquote><p>&nbsp; &nbsp; <\/p><\/blockquote>\n<p>&nbsp; <\/p>\n<p>A plusieurs reprises ces derniers jours ( lire <a href=\"http:\/\/www.lefigaro.fr\/politique\/2009\/02\/20\/01002-20090220ARTFIG00494-guadeloupe-taubira-veut-la-fin-de-l-apartheid-social-.php\">ici<\/a> ou <a href=\"http:\/\/tempsreel.nouvelobs.com\/actualites\/social\/20090215.OBS4862\/christiane_taubira_denonce_lapartheid_social_aux_antill.html\">ici<\/a> ), la d\u00e9put\u00e9e de Guyane et ancienne candidate \u00e0 l&rsquo;\u00e9lection pr\u00e9sidentielle, Christiane Taubira, a qualifi\u00e9 \u201cd&rsquo;apartheid social\u201d la situation de la Guadeloupe. Trop c\u2019est trop et de tels propos sont indignes. Le mot apartheid qui est associ\u00e9 \u00e0 la d\u00e9testable s\u00e9gr\u00e9gation raciale subie par les noirs d\u2019Afrique du Sud pendant pr\u00e8s de 50 ans. Parler d\u2019apartheid pour la Guadeloupe est inimaginable. Un \u00e9lu doit apaiser les choses quand elles sont ultra tendues et quand il y a eu un mort et des bless\u00e9s. Madame Taubira jette de l\u2019huile sur le feu. Pourquoi, tant qu\u2019elle y est, n\u2019\u00e9voque-t-elle pas le camp de concentration guadeloup\u00e9en ?<\/p>\n<p>&nbsp; <\/p>\n<p>Flavien Neuvy<\/p>\n","protected":false},"excerpt":{"rendered":"<p>&nbsp; &nbsp; &nbsp; A plusieurs reprises ces derniers jours ( lire ici ou ici ), la d\u00e9put\u00e9e de Guyane et ancienne candidate \u00e0 l&rsquo;\u00e9lection pr\u00e9sidentielle, Christiane Taubira, a qualifi\u00e9 \u201cd&rsquo;apartheid social\u201d la situation de la Guadeloupe. Trop c\u2019est trop et de tels propos sont indignes. Le mot apartheid qui est associ\u00e9 \u00e0 la d\u00e9testable s\u00e9gr\u00e9gation&nbsp;<\/p>\n<p><a class=\"btn btn-style\" href=\"https:\/\/flavienneuvy.fr\/index.php\/2009\/02\/21\/propos-scandale\/\">Continuer la lecture&#8230;<\/a><\/p>\n","protected":false},"author":1,"featured_media":0,"comment_status":"open","ping_status":"open","sticky":false,"template":"","format":"standard","meta":[],"categories":[1],"tags":[],"_links":{"self":[{"href":"https:\/\/flavienneuvy.fr\/index.php\/wp-json\/wp\/v2\/posts\/1053"}],"collection":[{"href":"https:\/\/flavienneuvy.fr\/index.php\/wp-json\/wp\/v2\/posts"}],"about":[{"href":"https:\/\/flavienneuvy.fr\/index.php\/wp-json\/wp\/v2\/types\/post"}],"author":[{"embeddable":true,"href":"https:\/\/flavienneuvy.fr\/index.php\/wp-json\/wp\/v2\/users\/1"}],"replies":[{"embeddable":true,"href":"https:\/\/flavienneuvy.fr\/index.php\/wp-json\/wp\/v2\/comments?post=1053"}],"version-history":[{"count":0,"href":"https:\/\/flavienneuvy.fr\/index.php\/wp-json\/wp\/v2\/posts\/1053\/revisions"}],"wp:attachment":[{"href":"https:\/\/flavienneuvy.fr\/index.php\/wp-json\/wp\/v2\/media?parent=1053"}],"wp:term":[{"taxonomy":"category","embeddable":true,"href":"https:\/\/flavienneuvy.fr\/index.php\/wp-json\/wp\/v2\/categories?post=1053"},{"taxonomy":"post_tag","embeddable":true,"href":"https:\/\/flavienneuvy.fr\/index.php\/wp-json\/wp\/v2\/tags?post=1053"}],"curies":[{"name":"wp","href":"https:\/\/api.w.org\/{rel}","templated":true}]}}