{"id":1054,"date":"2009-02-18T13:26:58","date_gmt":"2009-02-18T12:26:58","guid":{"rendered":"http:\/\/flavienneuvy.fr\/index.php\/2009\/02\/18\/drame-en-guadel\/"},"modified":"2009-02-18T13:26:58","modified_gmt":"2009-02-18T12:26:58","slug":"drame-en-guadel","status":"publish","type":"post","link":"https:\/\/flavienneuvy.fr\/index.php\/2009\/02\/18\/drame-en-guadel\/","title":{"rendered":"Drame en Guadeloupe"},"content":{"rendered":"<p>Un homme a \u00e9t\u00e9 tu\u00e9 par balles lors des \u00e9meutes en Guadeloupe. L&rsquo;\u00eele est paralys\u00e9e, les policiers sont vis\u00e9s par des tirs \u00e0 balles r\u00e9elles, les pompiers caillass\u00e9s, bref c&rsquo;est la violence qui prime depuis quelques jours. Ce n&rsquo;est pas surprenant tant les appels \u00e0 la &quot;radicalisation&quot; du mouvement ont \u00e9t\u00e9 nombreux ces derniers jours. Besancenot (j&rsquo;y reviendrai dans un prochain texte) est aux anges lui qui pense que seul &quot;le rapport de forces est efficace&quot; et que le mouvement en Guadeloupe est &quot;exemplaire&quot;.<\/p>\n<p>Face \u00e0 cette violence l&rsquo;\u00c9tat doit rester ferme. La violence est inacceptable, nous sommes dans une d\u00e9mocratie et rien ne justifie un tel d\u00e9cha\u00eenement de haine. La situation est difficile ? Certainement pour beaucoup de nos compatriotes. La Guadeloupe souffre de nombreux handicaps auxquels la R\u00e9publique se doit de r\u00e9pondre ? Sans aucun doute. Mais encore une fois, les casseurs doivent \u00eatre mis hors d&rsquo;\u00e9tat de nuire.<\/p>\n<p>Pour le reste, au del\u00e0 du malaise social actuel, se pose la question identitaire des Guadeloup\u00e9ens. Lorsque l&rsquo;on entend parler d&rsquo;esclavage plus de 150 ans apr\u00e8s son abolition, on peut se poser des questions. Lorsque l&rsquo;on entend certains slogans du type &quot;la Guadeloupe est \u00e0 nous&quot;, on peut se poser des questions. En r\u00e9alit\u00e9, la question finale est simple : les Guadeloup\u00e9ens veulent-t-ils encore faire partie de la R\u00e9publique ? Je suis pour l&rsquo;autod\u00e9termination des DOM-TOM et si le choix se porte sur l&rsquo;ind\u00e9pendance il faut en prendre acte. <\/p>\n<p>Flavien Neuvy<\/p>\n","protected":false},"excerpt":{"rendered":"<p>Un homme a \u00e9t\u00e9 tu\u00e9 par balles lors des \u00e9meutes en Guadeloupe. L&rsquo;\u00eele est paralys\u00e9e, les policiers sont vis\u00e9s par des tirs \u00e0 balles r\u00e9elles, les pompiers caillass\u00e9s, bref c&rsquo;est la violence qui prime depuis quelques jours. Ce n&rsquo;est pas surprenant tant les appels \u00e0 la &quot;radicalisation&quot; du mouvement ont \u00e9t\u00e9 nombreux ces derniers jours.&nbsp;<\/p>\n<p><a class=\"btn btn-style\" href=\"https:\/\/flavienneuvy.fr\/index.php\/2009\/02\/18\/drame-en-guadel\/\">Continuer la lecture&#8230;<\/a><\/p>\n","protected":false},"author":1,"featured_media":0,"comment_status":"open","ping_status":"open","sticky":false,"template":"","format":"standard","meta":[],"categories":[1],"tags":[],"_links":{"self":[{"href":"https:\/\/flavienneuvy.fr\/index.php\/wp-json\/wp\/v2\/posts\/1054"}],"collection":[{"href":"https:\/\/flavienneuvy.fr\/index.php\/wp-json\/wp\/v2\/posts"}],"about":[{"href":"https:\/\/flavienneuvy.fr\/index.php\/wp-json\/wp\/v2\/types\/post"}],"author":[{"embeddable":true,"href":"https:\/\/flavienneuvy.fr\/index.php\/wp-json\/wp\/v2\/users\/1"}],"replies":[{"embeddable":true,"href":"https:\/\/flavienneuvy.fr\/index.php\/wp-json\/wp\/v2\/comments?post=1054"}],"version-history":[{"count":0,"href":"https:\/\/flavienneuvy.fr\/index.php\/wp-json\/wp\/v2\/posts\/1054\/revisions"}],"wp:attachment":[{"href":"https:\/\/flavienneuvy.fr\/index.php\/wp-json\/wp\/v2\/media?parent=1054"}],"wp:term":[{"taxonomy":"category","embeddable":true,"href":"https:\/\/flavienneuvy.fr\/index.php\/wp-json\/wp\/v2\/categories?post=1054"},{"taxonomy":"post_tag","embeddable":true,"href":"https:\/\/flavienneuvy.fr\/index.php\/wp-json\/wp\/v2\/tags?post=1054"}],"curies":[{"name":"wp","href":"https:\/\/api.w.org\/{rel}","templated":true}]}}