{"id":1064,"date":"2009-01-30T21:59:39","date_gmt":"2009-01-30T20:59:39","guid":{"rendered":"http:\/\/flavienneuvy.fr\/index.php\/2009\/01\/30\/le-pouvoir-dach\/"},"modified":"2009-01-30T21:59:39","modified_gmt":"2009-01-30T20:59:39","slug":"le-pouvoir-dach","status":"publish","type":"post","link":"https:\/\/flavienneuvy.fr\/index.php\/2009\/01\/30\/le-pouvoir-dach\/","title":{"rendered":"Le pouvoir d&rsquo;achat"},"content":{"rendered":"<p>Le pouvoir d&rsquo;achat \u00e9tait au c\u0153ur des revendications des manifestants jeudi dernier. Le pouvoir d&rsquo;achat est devenu depuis 2006 la pr\u00e9occupation n\u00b01 des Fran\u00e7ais devant le ch\u00f4mage. En r\u00e9alit\u00e9, le pouvoir d&rsquo;achat est au centre du d\u00e9bat public depuis la campagne des \u00e9lections pr\u00e9sidentielles. Avec d&rsquo;un c\u00f4t\u00e9 le &quot;travailler plus pour gagner plus&quot; et le SMIC \u00e0 1500\u20ac de l&rsquo;autre, il ne pouvait pas en \u00eatre autrement. Vous ajoutez \u00e0 ce point la hausse vertigineuse des prix du p\u00e9trole et de certaines mati\u00e8res premi\u00e8res alimentaires et vous obtenez un sujet de pr\u00e9occupation majeur pour les Fran\u00e7ais.<\/p>\n<p>Pourtant il convient de rappeler certaines r\u00e9alit\u00e9s pas toujours faciles \u00e0 entendre. D&rsquo;abord, le pouvoir d&rsquo;achat qui est parfaitement mesur\u00e9 par l&rsquo;INSEE a augment\u00e9 ces derni\u00e8res ann\u00e9es : <a href=\"http:\/\/www.insee.fr\/fr\/themes\/theme.asp?theme=16&amp;sous_theme=7\">lire ici<\/a>&nbsp; <br \/>2008 marque une rupture avec la tendance haussi\u00e8re de ces derni\u00e8res ann\u00e9es mais le recul est l\u00e9ger alors que les m\u00e9nages ont le sentiment qu&rsquo;il a fortement baiss\u00e9. Comment expliquer cet \u00e9cart entre perception et statistique ? Une partie de l&rsquo;explication vient du fait que les deux choses ne sont pas comparables. En effet, le pouvoir d&rsquo;achat d&rsquo;un point de vue statistique c&rsquo;est le revenu disponible brut-inflation (je simplifie un peu) alors que les m\u00e9nages mesurent leur pouvoir d&rsquo;achat \u00e0 l&rsquo;argent qui reste apr\u00e8s avoir pay\u00e9 toutes les d\u00e9penses contraintes (ce qui est pr\u00e9lev\u00e9 sur le compte). Or depuis quelques ann\u00e9es de nouvelles d\u00e9penses sont mensualis\u00e9es : les imp\u00f4ts sont souvent mensualis\u00e9s, les d\u00e9penses courantes (eau gaz) mais aussi et surtout les nouvelles d\u00e9penses de communication. Ainsi, il n&rsquo;est pas rare d&rsquo;avoir au sein d&rsquo;une m\u00eame famille deux ou trois portables. Parfois m\u00eame il peut y en avoir 4&#8230;A 40 ou 50\u20ac, la facture est lourde tous les mois. Ce sont donc pr\u00e8s de 150\u20ac ou plus qui pr\u00e9lev\u00e9s sur le compte. Du coup, les m\u00e9nages ont de moins en moins d&rsquo;argent disponible le 10 du mois pour faire leurs courses, aller au cin\u00e9ma ou au restaurant. Mais dans ce cas pr\u00e9cis, il ne s&rsquo;agit pas d&rsquo;une baisse de pouvoir d&rsquo;achat mais d&rsquo;un changement dans la fa\u00e7on de consommer.<br \/>Il y a peu de temps, je discutais avec un tr\u00e8s bon ami qui se plaignait de son pouvoir d&rsquo;achat &quot;qui ne cesse de diminuer au point de ne pas pouvoir acheter des fruits et l\u00e9gumes&quot; comme il le souhaiterait. Il \u00e9tait tr\u00e8s remont\u00e9 contre la crise, les banquiers, Sarkozy&#8230;Au bout d&rsquo;un moment je lui ai demand\u00e9 combien il d\u00e9pensait pour son portable; r\u00e9ponse 65\u20ac par mois (sans compter celui de sa femme). Je lui ai donc conseill\u00e9 de rendre son portable ce qui lui aurait permis de se payer des salades et des carottes sans probl\u00e8me (je pr\u00e9cise que ce portable n&rsquo;est pas \u00e0 usage professionnel). Il m&rsquo;a regard\u00e9 en me demandant si j&rsquo;\u00e9tais s\u00e9rieux. Bien s\u00fbr que j&rsquo;\u00e9tais s\u00e9rieux: si on n&rsquo;a plus assez d&rsquo;argent pour s&rsquo;acheter de quoi manger, on n&rsquo;a plus d&rsquo;argent non plus pour se payer un portable. Il n&rsquo;a pas rendu son portable. Mieux, je l&rsquo;ai revu apr\u00e8s No\u00ebl et&#8230;il s&rsquo;est achet\u00e9 un \u00e9cran plat pour se faire plaisir \u00e0 No\u00ebl (107cm).<br \/>Cela ne l&rsquo;a pas emp\u00each\u00e9 d&rsquo;aller manifester jeudi dernier&#8230;pour d\u00e9fendre son pouvoir d&rsquo;achat bien s\u00fbr.<\/p>\n<p>Pour finir, je comprends que tout le monde ait envie de gagner plus. Il y a en France des personnes dans une situation extr\u00eamement pr\u00e9caire, c&rsquo;est un fait. Mais n&rsquo;oublions pas que, selon la Banque Mondiale, il y a environ 3 milliards d&rsquo;\u00eatres humains qui vivent avec moins de 2,5 dollars par jour, qu&rsquo;il y a 1 milliard d&rsquo;\u00eatres humains qui n&rsquo;ont pas acc\u00e8s \u00e0 l&rsquo;eau potable, qu&rsquo;il y a dans le monde 150 millions d&rsquo;enfants qui souffrent de malnutrition, 100 millions d&rsquo;enfants qui vivent dans la rue et 8 millions qui meurent chaque ann\u00e9e \u00e0 cause de la pauvret\u00e9 (faim ou maladie) soit 22000 par jour, c&rsquo;est \u00e0 dire 15 \u00e0 chaque minute qui passe.<\/p>\n<p>Flavien Neuvy <\/p>\n<div style=\"width: 220px; height: 55px;\"><object height=\"55\" width=\"220\"><param value=\"http:\/\/www.deezer.com\/embedded\/small-widget-v2.swf?idSong=882324&amp;colorBackground=0x555552&amp;textColor1=0xFFFFFF&amp;colorVolume=0x39D1FD&amp;autoplay=0\" name=\"movie\" \/><embed height=\"55\" width=\"220\" type=\"application\/x-shockwave-flash\" src=\"http:\/\/www.deezer.com\/embedded\/small-widget-v2.swf?idSong=882324&amp;colorBackground=0x525252&amp;textColor1=0xFFFFFF&amp;colorVolume=0x39D1FD&amp;autoplay=0\"><\/embed><\/object><br \/><span style=\"color: #000000;font-size: 0.6em;\">D\u00e9couvrez <a href=\"http:\/\/www.deezer.com\/fr\/la-chanson-du-dimanche.html\">La chanson du dimanche<\/a>!<\/span><\/div>\n","protected":false},"excerpt":{"rendered":"<p>Le pouvoir d&rsquo;achat \u00e9tait au c\u0153ur des revendications des manifestants jeudi dernier. Le pouvoir d&rsquo;achat est devenu depuis 2006 la pr\u00e9occupation n\u00b01 des Fran\u00e7ais devant le ch\u00f4mage. En r\u00e9alit\u00e9, le pouvoir d&rsquo;achat est au centre du d\u00e9bat public depuis la campagne des \u00e9lections pr\u00e9sidentielles. Avec d&rsquo;un c\u00f4t\u00e9 le &quot;travailler plus pour gagner plus&quot; et le&nbsp;<\/p>\n<p><a class=\"btn btn-style\" href=\"https:\/\/flavienneuvy.fr\/index.php\/2009\/01\/30\/le-pouvoir-dach\/\">Continuer la lecture&#8230;<\/a><\/p>\n","protected":false},"author":1,"featured_media":0,"comment_status":"open","ping_status":"open","sticky":false,"template":"","format":"standard","meta":[],"categories":[1],"tags":[],"_links":{"self":[{"href":"https:\/\/flavienneuvy.fr\/index.php\/wp-json\/wp\/v2\/posts\/1064"}],"collection":[{"href":"https:\/\/flavienneuvy.fr\/index.php\/wp-json\/wp\/v2\/posts"}],"about":[{"href":"https:\/\/flavienneuvy.fr\/index.php\/wp-json\/wp\/v2\/types\/post"}],"author":[{"embeddable":true,"href":"https:\/\/flavienneuvy.fr\/index.php\/wp-json\/wp\/v2\/users\/1"}],"replies":[{"embeddable":true,"href":"https:\/\/flavienneuvy.fr\/index.php\/wp-json\/wp\/v2\/comments?post=1064"}],"version-history":[{"count":0,"href":"https:\/\/flavienneuvy.fr\/index.php\/wp-json\/wp\/v2\/posts\/1064\/revisions"}],"wp:attachment":[{"href":"https:\/\/flavienneuvy.fr\/index.php\/wp-json\/wp\/v2\/media?parent=1064"}],"wp:term":[{"taxonomy":"category","embeddable":true,"href":"https:\/\/flavienneuvy.fr\/index.php\/wp-json\/wp\/v2\/categories?post=1064"},{"taxonomy":"post_tag","embeddable":true,"href":"https:\/\/flavienneuvy.fr\/index.php\/wp-json\/wp\/v2\/tags?post=1064"}],"curies":[{"name":"wp","href":"https:\/\/api.w.org\/{rel}","templated":true}]}}