{"id":1068,"date":"2009-01-21T22:15:23","date_gmt":"2009-01-21T21:15:23","guid":{"rendered":"http:\/\/flavienneuvy.fr\/index.php\/2009\/01\/21\/la-lutte-contre\/"},"modified":"2009-01-21T22:15:23","modified_gmt":"2009-01-21T21:15:23","slug":"la-lutte-contre","status":"publish","type":"post","link":"https:\/\/flavienneuvy.fr\/index.php\/2009\/01\/21\/la-lutte-contre\/","title":{"rendered":"La lutte contre la pollution a acc\u00e9l\u00e9r\u00e9 le r\u00e9chauffement"},"content":{"rendered":"<p>C&rsquo;est le constat \u00e9tonnant fait fait par deux chercheurs du laboratoire des sciences du climat et de environnement (CEA\/CNRS) ainsi qu&rsquo;un m\u00e9t\u00e9orologue n\u00e9erlandais qui viennent de publier leur \u00e9tude dans le magazine Nature Geoscience : <a href=\"http:\/\/www.nature.com\/ngeo\/journal\/vaop\/ncurrent\/abs\/ngeo414.html\">lire ici<\/a>.<br \/>Alors quels sont les explications avanc\u00e9es par ces chercheurs de haut niveau ? En r\u00e9alit\u00e9, ils ont constat\u00e9 que les grands efforts accomplis en Europe en mati\u00e8re de lutte contre la pollution ont eu pour effet de faire baisser le nombre de jours de brouillard (entre 30 et 60 jours par an) en Europe. En effet, les \u00e9missions d&rsquo;oxyde sulfureux ont fortement chut\u00e9es (et c&rsquo;est heureux) mais les compos\u00e9s soufr\u00e9s ont la particularit\u00e9 de favoriser la formation de gouttelettes et donc la formation de brouillard. <\/p>\n<p>L&rsquo;Europe a fait de grands efforts mais a donc visiblement contribu\u00e9 a acc\u00e9l\u00e9rer le r\u00e9chauffement climatique. La bonne nouvelle dans cette affaire c&rsquo;est que le nombre de jours de brouillard est maintenant tr\u00e8s faible et selon les scientifiques, le r\u00e9chauffement sera moins rapide au cours des prochaines ann\u00e9es.<\/p>\n<p>A lire <a href=\"http:\/\/www.lefigaro.fr\/sciences\/2009\/01\/19\/01008-20090119ARTFIG00364-en-europe-le-rechauffement-pourrait-se-ralentir-.php\">sur le figaro.fr<\/a>&nbsp; <\/p>\n<p>Flavien Neuvy<\/p>\n","protected":false},"excerpt":{"rendered":"<p>C&rsquo;est le constat \u00e9tonnant fait fait par deux chercheurs du laboratoire des sciences du climat et de environnement (CEA\/CNRS) ainsi qu&rsquo;un m\u00e9t\u00e9orologue n\u00e9erlandais qui viennent de publier leur \u00e9tude dans le magazine Nature Geoscience : lire ici.Alors quels sont les explications avanc\u00e9es par ces chercheurs de haut niveau ? En r\u00e9alit\u00e9, ils ont constat\u00e9 que&nbsp;<\/p>\n<p><a class=\"btn btn-style\" href=\"https:\/\/flavienneuvy.fr\/index.php\/2009\/01\/21\/la-lutte-contre\/\">Continuer la lecture&#8230;<\/a><\/p>\n","protected":false},"author":1,"featured_media":0,"comment_status":"open","ping_status":"open","sticky":false,"template":"","format":"standard","meta":[],"categories":[1],"tags":[],"_links":{"self":[{"href":"https:\/\/flavienneuvy.fr\/index.php\/wp-json\/wp\/v2\/posts\/1068"}],"collection":[{"href":"https:\/\/flavienneuvy.fr\/index.php\/wp-json\/wp\/v2\/posts"}],"about":[{"href":"https:\/\/flavienneuvy.fr\/index.php\/wp-json\/wp\/v2\/types\/post"}],"author":[{"embeddable":true,"href":"https:\/\/flavienneuvy.fr\/index.php\/wp-json\/wp\/v2\/users\/1"}],"replies":[{"embeddable":true,"href":"https:\/\/flavienneuvy.fr\/index.php\/wp-json\/wp\/v2\/comments?post=1068"}],"version-history":[{"count":0,"href":"https:\/\/flavienneuvy.fr\/index.php\/wp-json\/wp\/v2\/posts\/1068\/revisions"}],"wp:attachment":[{"href":"https:\/\/flavienneuvy.fr\/index.php\/wp-json\/wp\/v2\/media?parent=1068"}],"wp:term":[{"taxonomy":"category","embeddable":true,"href":"https:\/\/flavienneuvy.fr\/index.php\/wp-json\/wp\/v2\/categories?post=1068"},{"taxonomy":"post_tag","embeddable":true,"href":"https:\/\/flavienneuvy.fr\/index.php\/wp-json\/wp\/v2\/tags?post=1068"}],"curies":[{"name":"wp","href":"https:\/\/api.w.org\/{rel}","templated":true}]}}