{"id":107,"date":"2013-12-06T07:59:52","date_gmt":"2013-12-06T06:59:52","guid":{"rendered":"http:\/\/flavienneuvy.fr\/index.php\/2013\/12\/06\/la-lecon-principale-de-nelson-mandela\/"},"modified":"2013-12-06T07:59:52","modified_gmt":"2013-12-06T06:59:52","slug":"la-lecon-principale-de-nelson-mandela","status":"publish","type":"post","link":"https:\/\/flavienneuvy.fr\/index.php\/2013\/12\/06\/la-lecon-principale-de-nelson-mandela\/","title":{"rendered":"La le\u00e7on principale de Nelson Mandela : le pardon"},"content":{"rendered":"<p style=\"text-align: justify;\">Les hommages sont unanimes. Ils viennent du monde entier pour saluer la m\u00e9moire d&rsquo;un homme qui laissera une empreinte ind\u00e9l\u00e9bile dans l&rsquo;histoire. Nelson Mandela a lutt\u00e9 pendant des d\u00e9cennies pour la libert\u00e9 et l&rsquo;\u00e9galit\u00e9. Il pay\u00e9 cher, tr\u00e8s cher pour son combat juste. Mais, ce qui m&rsquo;a le plus marqu\u00e9 dans l&rsquo;action de Nelson Mandela, c&rsquo;est moins son combat que son action une fois sorti de prison, une fois arriv\u00e9 au pouvoir. En effet, les femmes et les hommes anonymes qui ont combattu l\u2019apartheid sont nombreux, certains d&rsquo;entre eux y ont laiss\u00e9 la vie. Mais Nelson Mandela ne s&rsquo;est pas content\u00e9 de lutter contre le r\u00e9gime raciste sud-africain. Non, son \u0153uvre il l&rsquo;a r\u00e9alis\u00e9e apr\u00e8s. Une fois arriv\u00e9 au pouvoir, Nelson Mandela a cherch\u00e9 la r\u00e9conciliation nationale. Il n&rsquo;a pas voulu de vengeance, de r\u00e8glements de comptes. Il a unifi\u00e9 et apais\u00e9 son pays. Faire cela apr\u00e8s tant d&rsquo;ann\u00e9es de souffrances, de haine, de violence c&rsquo;est tout simplement exceptionnel. C&rsquo;est LA le\u00e7on que Mandela laisse \u00e0 l&rsquo;humanit\u00e9, pour toujours.&nbsp;<\/p>\n<div style=\"text-align: center;\">\n<iframe loading=\"lazy\" width=\"420\" height=\"315\" src=\"\/\/www.youtube.com\/embed\/BGS7SpI7obY\" frameborder=\"0\" allowfullscreen><\/iframe><\/div>\n","protected":false},"excerpt":{"rendered":"<p>Les hommages sont unanimes. Ils viennent du monde entier pour saluer la m\u00e9moire d&rsquo;un homme qui laissera une empreinte ind\u00e9l\u00e9bile dans l&rsquo;histoire. Nelson Mandela a lutt\u00e9 pendant des d\u00e9cennies pour la libert\u00e9 et l&rsquo;\u00e9galit\u00e9. Il pay\u00e9 cher, tr\u00e8s cher pour son combat juste. Mais, ce qui m&rsquo;a le plus marqu\u00e9 dans l&rsquo;action de Nelson Mandela,&nbsp;<\/p>\n<p><a class=\"btn btn-style\" href=\"https:\/\/flavienneuvy.fr\/index.php\/2013\/12\/06\/la-lecon-principale-de-nelson-mandela\/\">Continuer la lecture&#8230;<\/a><\/p>\n","protected":false},"author":1,"featured_media":0,"comment_status":"open","ping_status":"open","sticky":false,"template":"","format":"standard","meta":[],"categories":[2],"tags":[],"_links":{"self":[{"href":"https:\/\/flavienneuvy.fr\/index.php\/wp-json\/wp\/v2\/posts\/107"}],"collection":[{"href":"https:\/\/flavienneuvy.fr\/index.php\/wp-json\/wp\/v2\/posts"}],"about":[{"href":"https:\/\/flavienneuvy.fr\/index.php\/wp-json\/wp\/v2\/types\/post"}],"author":[{"embeddable":true,"href":"https:\/\/flavienneuvy.fr\/index.php\/wp-json\/wp\/v2\/users\/1"}],"replies":[{"embeddable":true,"href":"https:\/\/flavienneuvy.fr\/index.php\/wp-json\/wp\/v2\/comments?post=107"}],"version-history":[{"count":0,"href":"https:\/\/flavienneuvy.fr\/index.php\/wp-json\/wp\/v2\/posts\/107\/revisions"}],"wp:attachment":[{"href":"https:\/\/flavienneuvy.fr\/index.php\/wp-json\/wp\/v2\/media?parent=107"}],"wp:term":[{"taxonomy":"category","embeddable":true,"href":"https:\/\/flavienneuvy.fr\/index.php\/wp-json\/wp\/v2\/categories?post=107"},{"taxonomy":"post_tag","embeddable":true,"href":"https:\/\/flavienneuvy.fr\/index.php\/wp-json\/wp\/v2\/tags?post=107"}],"curies":[{"name":"wp","href":"https:\/\/api.w.org\/{rel}","templated":true}]}}