{"id":1074,"date":"2009-01-05T21:58:13","date_gmt":"2009-01-05T20:58:13","guid":{"rendered":"http:\/\/flavienneuvy.fr\/index.php\/2009\/01\/05\/jean-pierre-aud\/"},"modified":"2009-01-05T21:58:13","modified_gmt":"2009-01-05T20:58:13","slug":"jean-pierre-aud","status":"publish","type":"post","link":"https:\/\/flavienneuvy.fr\/index.php\/2009\/01\/05\/jean-pierre-aud\/","title":{"rendered":"Jean-Pierre Audy candidat"},"content":{"rendered":"<p><span face=\"Times New Roman\"> <a href=\"http:\/\/cebazatpourdemain.neufblog.com\/.shared\/image.html?\/photos\/uncategorized\/2008\/02\/15\/080214flavien_neuvy_et_jp_audycbaza.jpg\" onclick=\"window.open(this.href, '_blank', 'width=800,height=600,scrollbars=no,resizable=no,toolbar=no,directories=no,location=no,menubar=no,status=no,left=0,top=0'); return false\"><img decoding=\"async\" loading=\"lazy\" height=\"187\" width=\"250\" border=\"0\" src=\"http:\/\/cebazatpourdemain.neufblog.com\/cebazatpourdemain\/images\/2008\/02\/15\/080214flavien_neuvy_et_jp_audycbaza.jpg\" alt=\"080214flavien_neuvy_et_jp_audycbaza\" title=\"080214flavien_neuvy_et_jp_audycbaza\" style=\"margin: 0px 5px 5px 0px; float: left;\" \/><\/a>Ce n&rsquo;est pas encore tout \u00e0 fait officiel mais l&rsquo;information commence \u00e0 circuler dans la presse : JP Audy sera t\u00eate de liste pour l&rsquo;UMP dans la r\u00e9gion Grand Centre aux \u00e9lections europ\u00e9ennes du mois de juin prochain.<\/span><\/p>\n<p><span face=\"Times New Roman\">Lors des derni\u00e8res \u00e9lections municipales, le d\u00e9put\u00e9 JP Audy m&rsquo;avait fait parvenir une lettre de soutien que vous pouvez retrouver <a href=\"http:\/\/cebazatpourdemain.neufblog.com\/cebazatpourdemain\/2008\/02\/message-du-dput.html\">ici<\/a>. <br \/><\/span><\/p>\n<p><span face=\"Times New Roman\">Je suis tr\u00e8s heureux que JP Audy soit candidat : c&rsquo;est un homme&nbsp; tr\u00e8s attachant qui a bien fait son travail d&rsquo;\u00e9lu.<\/span><\/p>\n<p><span face=\"Times New Roman\">Flavien Neuvy<br \/> <\/span><\/p>\n","protected":false},"excerpt":{"rendered":"<p>Ce n&rsquo;est pas encore tout \u00e0 fait officiel mais l&rsquo;information commence \u00e0 circuler dans la presse : JP Audy sera t\u00eate de liste pour l&rsquo;UMP dans la r\u00e9gion Grand Centre aux \u00e9lections europ\u00e9ennes du mois de juin prochain. Lors des derni\u00e8res \u00e9lections municipales, le d\u00e9put\u00e9 JP Audy m&rsquo;avait fait parvenir une lettre de soutien que&nbsp;<\/p>\n<p><a class=\"btn btn-style\" href=\"https:\/\/flavienneuvy.fr\/index.php\/2009\/01\/05\/jean-pierre-aud\/\">Continuer la lecture&#8230;<\/a><\/p>\n","protected":false},"author":1,"featured_media":0,"comment_status":"open","ping_status":"open","sticky":false,"template":"","format":"standard","meta":[],"categories":[1],"tags":[],"_links":{"self":[{"href":"https:\/\/flavienneuvy.fr\/index.php\/wp-json\/wp\/v2\/posts\/1074"}],"collection":[{"href":"https:\/\/flavienneuvy.fr\/index.php\/wp-json\/wp\/v2\/posts"}],"about":[{"href":"https:\/\/flavienneuvy.fr\/index.php\/wp-json\/wp\/v2\/types\/post"}],"author":[{"embeddable":true,"href":"https:\/\/flavienneuvy.fr\/index.php\/wp-json\/wp\/v2\/users\/1"}],"replies":[{"embeddable":true,"href":"https:\/\/flavienneuvy.fr\/index.php\/wp-json\/wp\/v2\/comments?post=1074"}],"version-history":[{"count":0,"href":"https:\/\/flavienneuvy.fr\/index.php\/wp-json\/wp\/v2\/posts\/1074\/revisions"}],"wp:attachment":[{"href":"https:\/\/flavienneuvy.fr\/index.php\/wp-json\/wp\/v2\/media?parent=1074"}],"wp:term":[{"taxonomy":"category","embeddable":true,"href":"https:\/\/flavienneuvy.fr\/index.php\/wp-json\/wp\/v2\/categories?post=1074"},{"taxonomy":"post_tag","embeddable":true,"href":"https:\/\/flavienneuvy.fr\/index.php\/wp-json\/wp\/v2\/tags?post=1074"}],"curies":[{"name":"wp","href":"https:\/\/api.w.org\/{rel}","templated":true}]}}