{"id":1075,"date":"2009-01-04T14:01:13","date_gmt":"2009-01-04T13:01:13","guid":{"rendered":"http:\/\/flavienneuvy.fr\/index.php\/2009\/01\/04\/facture-deau\/"},"modified":"2009-01-04T14:01:13","modified_gmt":"2009-01-04T13:01:13","slug":"facture-deau","status":"publish","type":"post","link":"https:\/\/flavienneuvy.fr\/index.php\/2009\/01\/04\/facture-deau\/","title":{"rendered":"Facture d&rsquo;eau"},"content":{"rendered":"<p>je viens de recevoir ma facture d&rsquo;eau pour l&rsquo;ensemble de l&rsquo;ann\u00e9e 2008 et je suis plut\u00f4t satisfait de la consommation d&rsquo;eau de ma petite famille. <br \/>Vous savez que l&rsquo;eau est un sujet qui me tient \u00e0 c\u0153ur et que j&rsquo;avais d\u00e9j\u00e0 abord\u00e9 en mars 2007 : <a href=\"http:\/\/cebazatpourdemain.neufblog.com\/cebazatpourdemain\/2007\/03\/leau_source_de_.html\">lire ici<\/a>  <\/p>\n<p>En France la consommation d&rsquo;eau est en moyenne de 165 litres par jour et par habitant. Pour l&rsquo;ann\u00e9e 2008, pour un famille de 5 personnes nous avons consomm\u00e9 102 m3 d&rsquo;eau. Ce qui revient \u00e0 dire qu&rsquo;en moyenne nous avons consomm\u00e9 56 litres d&rsquo;eau par jour et par personne. C&rsquo;est trois fois moins que la moyenne nationale. Alors c&rsquo;est vrai que nous faisons attention aux petits gestes du quotidien qui peuvent avoir de grandes cons\u00e9quences au final : plut\u00f4t des douches que des bains, pas&nbsp; d&rsquo;arrosage du jardin (nous utilisons un r\u00e9cup\u00e9rateur d&rsquo;eau), pas de piscine&#8230;Pour autant, je n&rsquo;ai pas le sentiment que nous nous privions de quoi que ce soit.<\/p>\n<p>Flavien Neuvy<\/p>\n","protected":false},"excerpt":{"rendered":"<p>je viens de recevoir ma facture d&rsquo;eau pour l&rsquo;ensemble de l&rsquo;ann\u00e9e 2008 et je suis plut\u00f4t satisfait de la consommation d&rsquo;eau de ma petite famille. Vous savez que l&rsquo;eau est un sujet qui me tient \u00e0 c\u0153ur et que j&rsquo;avais d\u00e9j\u00e0 abord\u00e9 en mars 2007 : lire ici En France la consommation d&rsquo;eau est en&nbsp;<\/p>\n<p><a class=\"btn btn-style\" href=\"https:\/\/flavienneuvy.fr\/index.php\/2009\/01\/04\/facture-deau\/\">Continuer la lecture&#8230;<\/a><\/p>\n","protected":false},"author":1,"featured_media":0,"comment_status":"open","ping_status":"open","sticky":false,"template":"","format":"standard","meta":[],"categories":[1],"tags":[],"_links":{"self":[{"href":"https:\/\/flavienneuvy.fr\/index.php\/wp-json\/wp\/v2\/posts\/1075"}],"collection":[{"href":"https:\/\/flavienneuvy.fr\/index.php\/wp-json\/wp\/v2\/posts"}],"about":[{"href":"https:\/\/flavienneuvy.fr\/index.php\/wp-json\/wp\/v2\/types\/post"}],"author":[{"embeddable":true,"href":"https:\/\/flavienneuvy.fr\/index.php\/wp-json\/wp\/v2\/users\/1"}],"replies":[{"embeddable":true,"href":"https:\/\/flavienneuvy.fr\/index.php\/wp-json\/wp\/v2\/comments?post=1075"}],"version-history":[{"count":0,"href":"https:\/\/flavienneuvy.fr\/index.php\/wp-json\/wp\/v2\/posts\/1075\/revisions"}],"wp:attachment":[{"href":"https:\/\/flavienneuvy.fr\/index.php\/wp-json\/wp\/v2\/media?parent=1075"}],"wp:term":[{"taxonomy":"category","embeddable":true,"href":"https:\/\/flavienneuvy.fr\/index.php\/wp-json\/wp\/v2\/categories?post=1075"},{"taxonomy":"post_tag","embeddable":true,"href":"https:\/\/flavienneuvy.fr\/index.php\/wp-json\/wp\/v2\/tags?post=1075"}],"curies":[{"name":"wp","href":"https:\/\/api.w.org\/{rel}","templated":true}]}}