{"id":108,"date":"2013-11-27T19:31:02","date_gmt":"2013-11-27T18:31:02","guid":{"rendered":"http:\/\/flavienneuvy.fr\/index.php\/2013\/11\/27\/deflation-la-menace\/"},"modified":"2013-11-27T19:31:02","modified_gmt":"2013-11-27T18:31:02","slug":"deflation-la-menace","status":"publish","type":"post","link":"https:\/\/flavienneuvy.fr\/index.php\/2013\/11\/27\/deflation-la-menace\/","title":{"rendered":"D\u00e9flation : la menace"},"content":{"rendered":"<div style=\"text-align: center;\">\n<p style=\"text-align: justify;\">Eurostat a confirm\u00e9 que l&#39;inflation \u00e9tait tomb\u00e9e \u00e0 0,7% en octobre en zone euro apr\u00e8s 1,1% en septembre. Ce ralentissement est plus fort que ce que pr\u00e9voyaient les \u00e9conomistes. Cet indicateur a pes\u00e9 lourd dans la d\u00e9cision surprise de la BCE de baisser le taux <em>refi<\/em> \u00e0 0,25%. Le mandat principal de la BCE r\u00e9side dans la ma\u00eetrise de l&#39;inflation, \u00e0 la hausse bien s\u00fbr, mais aussi \u00e0 la baisse. Or la d\u00e9flation menace s\u00e9rieusement la zone euro. Plusieurs raisons \u00e0 cela. D&#39;abord, avec la crise, plusieurs \u00c9tats se sont lanc\u00e9s dans un processus de d\u00e9sinflation comp\u00e9titive. L&#39;objectif est de gagner en comp\u00e9titivit\u00e9 avec la ma\u00eetrise des co\u00fbts salariaux qui est un pr\u00e9alable au ralentissement des prix. Un autre point exerce une pression \u00e0 la baisse sur les prix : les capacit\u00e9s de production tr\u00e8s nettement exc\u00e9dentaires en zone euro. L&#39;offre exc\u00e8de la demande et l&#39;\u00e9quilibre se fait par la baisse des prix. Ce probl\u00e8me est compliqu\u00e9 \u00e0 r\u00e9soudre car la longue p\u00e9riode de recul de l&#39;activit\u00e9 (ou de moindre croissance) s&#39;est traduite par la cr\u00e9ation d&#39;un <em>output gap&#0160;<\/em> n\u00e9gatif (niveau d&#39;activit\u00e9 inf\u00e9rieur \u00e0 son potentiel) tr\u00e8s difficile \u00e0 r\u00e9sorber. Il faudrait une activit\u00e9 \u00e9conomique beaucoup plus soutenue pour r\u00e9duire l&#39;<em>output gap <\/em>et retrouver des taux d&#39;utilisation des capacit\u00e9s de production plus conformes \u00e0 ce que l&#39;on constate sur p\u00e9riode longue. Bref, apr\u00e8s la crise financi\u00e8re, la crise \u00e9conomique, la crise des dettes souveraines, voici la menace d\u00e9flationniste. Le Japon est englu\u00e9 depuis plus de 20 ans dans une crise similaire, c&#39;est tr\u00e8s difficile de s&#39;en sortir une fois qu&#39;on est dedans.<\/p>\n<\/div>\n","protected":false},"excerpt":{"rendered":"<p>Eurostat a confirm\u00e9 que l&#39;inflation \u00e9tait tomb\u00e9e \u00e0 0,7% en octobre en zone euro apr\u00e8s 1,1% en septembre. Ce ralentissement est plus fort que ce que pr\u00e9voyaient les \u00e9conomistes. Cet indicateur a pes\u00e9 lourd dans la d\u00e9cision surprise de la BCE de baisser le taux refi \u00e0 0,25%. Le mandat principal de la BCE r\u00e9side&nbsp;<\/p>\n<p><a class=\"btn btn-style\" href=\"https:\/\/flavienneuvy.fr\/index.php\/2013\/11\/27\/deflation-la-menace\/\">Continuer la lecture&#8230;<\/a><\/p>\n","protected":false},"author":1,"featured_media":0,"comment_status":"open","ping_status":"open","sticky":false,"template":"","format":"standard","meta":[],"categories":[2,3],"tags":[],"_links":{"self":[{"href":"https:\/\/flavienneuvy.fr\/index.php\/wp-json\/wp\/v2\/posts\/108"}],"collection":[{"href":"https:\/\/flavienneuvy.fr\/index.php\/wp-json\/wp\/v2\/posts"}],"about":[{"href":"https:\/\/flavienneuvy.fr\/index.php\/wp-json\/wp\/v2\/types\/post"}],"author":[{"embeddable":true,"href":"https:\/\/flavienneuvy.fr\/index.php\/wp-json\/wp\/v2\/users\/1"}],"replies":[{"embeddable":true,"href":"https:\/\/flavienneuvy.fr\/index.php\/wp-json\/wp\/v2\/comments?post=108"}],"version-history":[{"count":0,"href":"https:\/\/flavienneuvy.fr\/index.php\/wp-json\/wp\/v2\/posts\/108\/revisions"}],"wp:attachment":[{"href":"https:\/\/flavienneuvy.fr\/index.php\/wp-json\/wp\/v2\/media?parent=108"}],"wp:term":[{"taxonomy":"category","embeddable":true,"href":"https:\/\/flavienneuvy.fr\/index.php\/wp-json\/wp\/v2\/categories?post=108"},{"taxonomy":"post_tag","embeddable":true,"href":"https:\/\/flavienneuvy.fr\/index.php\/wp-json\/wp\/v2\/tags?post=108"}],"curies":[{"name":"wp","href":"https:\/\/api.w.org\/{rel}","templated":true}]}}