{"id":1085,"date":"2008-11-25T08:05:00","date_gmt":"2008-11-25T07:05:00","guid":{"rendered":"http:\/\/flavienneuvy.fr\/index.php\/2008\/11\/25\/il-va-falloir-p\/"},"modified":"2008-11-25T08:05:00","modified_gmt":"2008-11-25T07:05:00","slug":"il-va-falloir-p","status":"publish","type":"post","link":"https:\/\/flavienneuvy.fr\/index.php\/2008\/11\/25\/il-va-falloir-p\/","title":{"rendered":"Il va falloir payer"},"content":{"rendered":"<p>Serge Godard l&rsquo;a annonc\u00e9 tranquillement dans le journal La Montagne la semaine derni\u00e8re : &quot;la taxe additionnelle est in\u00e9vitable&quot;. Nous y voil\u00e0, les m\u00e9nages de l&rsquo;agglom\u00e9ration clermontoise vont devoir payer une nouvelle taxe pour financer le gouffre financier du SMTC. <br \/>On se demande bien pourquoi elle est in\u00e9vitable aujourd&rsquo;hui et pourquoi elle ne l&rsquo;\u00e9tait pas il y a 6 mois avant les \u00e9lections municipales et cantonales ? Les \u00e9lecteurs ont donc \u00e9t\u00e9 manipul\u00e9s puisque Serge Godard a bas\u00e9 toute sa campagne sur le tram sans en donner le v\u00e9ritable prix aux \u00e9lecteurs.<\/p>\n<p>Autre point inacceptable : tous les m\u00e9nages de Clermont co vont devoir payer pour un tram qui ne sert que les Clermontois. Pourquoi les habitants de Sayat, de Lempdes, d&rsquo;Orcines, de Romagnat, de P\u00e9rignat, de C\u00e9bazat et de toutes les autres communes devraient payer pour un tram qui ne leur sert \u00e0 rien ? En r\u00e9alit\u00e9, Serge Godard a fait payer son tram par toutes les communes, il a profit\u00e9 de ce chantier pour changer sa ville (modification de certaines places, am\u00e9nagement des rues&#8230;) sur le dos de la collectivit\u00e9. Il a agit ainsi avec le soutien des maires de l&rsquo;agglom\u00e9ration, dont bien s\u00fbr le maire de C\u00e9bazat. En attendant, l&rsquo;extension du tram et la cr\u00e9ation de la ligne 2 ne sont plus d&rsquo;actualit\u00e9. C&rsquo;est un vrai scandale.<\/p>\n<p>Flavien Neuvy<\/p>\n","protected":false},"excerpt":{"rendered":"<p>Serge Godard l&rsquo;a annonc\u00e9 tranquillement dans le journal La Montagne la semaine derni\u00e8re : &quot;la taxe additionnelle est in\u00e9vitable&quot;. Nous y voil\u00e0, les m\u00e9nages de l&rsquo;agglom\u00e9ration clermontoise vont devoir payer une nouvelle taxe pour financer le gouffre financier du SMTC. On se demande bien pourquoi elle est in\u00e9vitable aujourd&rsquo;hui et pourquoi elle ne l&rsquo;\u00e9tait pas&nbsp;<\/p>\n<p><a class=\"btn btn-style\" href=\"https:\/\/flavienneuvy.fr\/index.php\/2008\/11\/25\/il-va-falloir-p\/\">Continuer la lecture&#8230;<\/a><\/p>\n","protected":false},"author":1,"featured_media":0,"comment_status":"open","ping_status":"open","sticky":false,"template":"","format":"standard","meta":[],"categories":[1],"tags":[],"_links":{"self":[{"href":"https:\/\/flavienneuvy.fr\/index.php\/wp-json\/wp\/v2\/posts\/1085"}],"collection":[{"href":"https:\/\/flavienneuvy.fr\/index.php\/wp-json\/wp\/v2\/posts"}],"about":[{"href":"https:\/\/flavienneuvy.fr\/index.php\/wp-json\/wp\/v2\/types\/post"}],"author":[{"embeddable":true,"href":"https:\/\/flavienneuvy.fr\/index.php\/wp-json\/wp\/v2\/users\/1"}],"replies":[{"embeddable":true,"href":"https:\/\/flavienneuvy.fr\/index.php\/wp-json\/wp\/v2\/comments?post=1085"}],"version-history":[{"count":0,"href":"https:\/\/flavienneuvy.fr\/index.php\/wp-json\/wp\/v2\/posts\/1085\/revisions"}],"wp:attachment":[{"href":"https:\/\/flavienneuvy.fr\/index.php\/wp-json\/wp\/v2\/media?parent=1085"}],"wp:term":[{"taxonomy":"category","embeddable":true,"href":"https:\/\/flavienneuvy.fr\/index.php\/wp-json\/wp\/v2\/categories?post=1085"},{"taxonomy":"post_tag","embeddable":true,"href":"https:\/\/flavienneuvy.fr\/index.php\/wp-json\/wp\/v2\/tags?post=1085"}],"curies":[{"name":"wp","href":"https:\/\/api.w.org\/{rel}","templated":true}]}}