{"id":1088,"date":"2008-11-16T20:58:24","date_gmt":"2008-11-16T19:58:24","guid":{"rendered":"http:\/\/flavienneuvy.fr\/index.php\/2008\/11\/16\/pas-de-champagn\/"},"modified":"2008-11-16T20:58:24","modified_gmt":"2008-11-16T19:58:24","slug":"pas-de-champagn","status":"publish","type":"post","link":"https:\/\/flavienneuvy.fr\/index.php\/2008\/11\/16\/pas-de-champagn\/","title":{"rendered":"Pas de champagne \u00e0 Reims,"},"content":{"rendered":"<p>Et pour les socialistes c&rsquo;est m\u00eame la soupe \u00e0 la grimace qui s&rsquo;impose apr\u00e8s un congr\u00e8s tr\u00e8s tendu. Il se trouve que jeudi j&rsquo;\u00e9tais dans le TGV entre Lyon et Paris et dans le wagon dans le lequel je me trouvais, il y avait de nombreux d\u00e9l\u00e9gu\u00e9s socialistes qui se rendaient \u00e0 Reims justement. La tension \u00e9tait palpable : les &quot;royalistes&quot; ne parlaient pas aux partisans de Benoit Hamon qui eux discutaient \u00e0 peine avec ceux de Bertrand Delano\u00eb&#8230;<\/p>\n<p>Alors que s&rsquo;est-il pass\u00e9 ? En r\u00e9alit\u00e9 tous les socialistes sont d&rsquo;accord pour :<\/p>\n<p>&#8211; dire qu&rsquo;ils sont d&rsquo;accord sur l&rsquo;essentiel<br \/>&#8211; qu&rsquo;il est fondamental pour eux de donner l&rsquo;image d&rsquo;un parti uni et ordre de marche<br \/>&#8211; que le projet socialiste doit repens\u00e9 afin de cr\u00e9er le &quot;socialisme du XXIe si\u00e8cle&quot;<br \/>&#8211; que le temps n&rsquo;est pas venu de choisir le candidat PS pour 2012<br \/>&#8211; que les ambitions personnelles doivent passer apr\u00e8s le projet<\/p>\n<p>Pour toutes ces raisons essentielles, les 4 leaders des 4 motions pr\u00e9sent\u00e9es ont d\u00e9cid\u00e9 de&#8230;rester divis\u00e9s. Ils ont \u00e9t\u00e9 incapables de trouver les compromis qui auraient permis la fameuse &quot;synth\u00e8se&quot;, trop occup\u00e9s par leurs ambitions personnelles. Le spectacle fut path\u00e9tique :les sifflets d&rsquo;une partie de la salle r\u00e9pondaient aux applaudissements de l&rsquo;autre moiti\u00e9&#8230;<\/p>\n<p>Les adh\u00e9rents choisiront jeudi et vendredi avec probablement pour finir un duel Aubry Royal . <\/p>\n<p>Flavien Neuvy<\/p>\n","protected":false},"excerpt":{"rendered":"<p>Et pour les socialistes c&rsquo;est m\u00eame la soupe \u00e0 la grimace qui s&rsquo;impose apr\u00e8s un congr\u00e8s tr\u00e8s tendu. Il se trouve que jeudi j&rsquo;\u00e9tais dans le TGV entre Lyon et Paris et dans le wagon dans le lequel je me trouvais, il y avait de nombreux d\u00e9l\u00e9gu\u00e9s socialistes qui se rendaient \u00e0 Reims justement. La&nbsp;<\/p>\n<p><a class=\"btn btn-style\" href=\"https:\/\/flavienneuvy.fr\/index.php\/2008\/11\/16\/pas-de-champagn\/\">Continuer la lecture&#8230;<\/a><\/p>\n","protected":false},"author":1,"featured_media":0,"comment_status":"open","ping_status":"open","sticky":false,"template":"","format":"standard","meta":[],"categories":[1],"tags":[],"_links":{"self":[{"href":"https:\/\/flavienneuvy.fr\/index.php\/wp-json\/wp\/v2\/posts\/1088"}],"collection":[{"href":"https:\/\/flavienneuvy.fr\/index.php\/wp-json\/wp\/v2\/posts"}],"about":[{"href":"https:\/\/flavienneuvy.fr\/index.php\/wp-json\/wp\/v2\/types\/post"}],"author":[{"embeddable":true,"href":"https:\/\/flavienneuvy.fr\/index.php\/wp-json\/wp\/v2\/users\/1"}],"replies":[{"embeddable":true,"href":"https:\/\/flavienneuvy.fr\/index.php\/wp-json\/wp\/v2\/comments?post=1088"}],"version-history":[{"count":0,"href":"https:\/\/flavienneuvy.fr\/index.php\/wp-json\/wp\/v2\/posts\/1088\/revisions"}],"wp:attachment":[{"href":"https:\/\/flavienneuvy.fr\/index.php\/wp-json\/wp\/v2\/media?parent=1088"}],"wp:term":[{"taxonomy":"category","embeddable":true,"href":"https:\/\/flavienneuvy.fr\/index.php\/wp-json\/wp\/v2\/categories?post=1088"},{"taxonomy":"post_tag","embeddable":true,"href":"https:\/\/flavienneuvy.fr\/index.php\/wp-json\/wp\/v2\/tags?post=1088"}],"curies":[{"name":"wp","href":"https:\/\/api.w.org\/{rel}","templated":true}]}}