{"id":1089,"date":"2008-11-12T20:31:46","date_gmt":"2008-11-12T19:31:46","guid":{"rendered":"http:\/\/flavienneuvy.fr\/index.php\/2008\/11\/12\/lump-porte-la-d\/"},"modified":"2008-11-12T20:31:46","modified_gmt":"2008-11-12T19:31:46","slug":"lump-porte-la-d","status":"publish","type":"post","link":"https:\/\/flavienneuvy.fr\/index.php\/2008\/11\/12\/lump-porte-la-d\/","title":{"rendered":"L&rsquo;UMP porte la diversit\u00e9"},"content":{"rendered":"<p>La nouvelle est tomb\u00e9e ce matin : Pierre N&rsquo;Gahane vient d&rsquo;\u00eatre nomm\u00e9 pr\u00e9fet des Alpes-de-Haute-Provence. Il devient ainsi le premier noir d&rsquo;origine africaine \u00e0 \u00eatre nomm\u00e9 \u00e0 ce poste ( <a href=\"http:\/\/www.lefigaro.fr\/lefigaromagazine\/2008\/11\/12\/01006-20081112ARTFIG00573-n-gahane-privilegier-la-competence-des-personnes-.php\">lire ici<\/a> ). <br \/>Brice Hortefeux a r\u00e9agit sur Le Figaro.fr en d\u00e9clarant &quot;Un pr\u00e9fet d&rsquo;origine africaine, c&rsquo;est la normalit\u00e9&quot; (<a href=\"http:\/\/www.lefigaro.fr\/le-talk\/2008\/11\/12\/01021-20081112ARTFIG00609-un-prefet-d-origine-africaine-c-est-la-normalite-.php\">voir ici<\/a> ).<br \/>Encore une fois, Nicolas Sarkozy et l&rsquo;UMP montrent la voie en mati\u00e8re de diversit\u00e9. Nicolas Sarkozy, encore lui, alors ministre de l&rsquo;int\u00e9rieur, avait d\u00e9j\u00e0 nomm\u00e9 A\u00efssa Dermouche, n\u00e9 en Alg\u00e9rie, pr\u00e9fet de Jura. Puis ce fut le tour de Nacer Meddah nomm\u00e9 pr\u00e9fet de l&rsquo;Aube le 19 juillet 2006. Une fois \u00e9lu Pr\u00e9sident de la R\u00e9publique, Nicolas Sarkozy a fait entrer au gouvernement Fadela Amara, Rachida Dati et Rama Yade. Quel pr\u00e9sident en a fait autant ? Sans oublier les autres ministres lorsque Jacques Chirac \u00e9tait en fonction : Azouz Begag, Hamlaoui M\u00e9kach\u00e9ra et Tokia Sa\u00effi. <\/p>\n<p>Plus pr\u00e8s de nous, Samir El Bakkali fut le candidat de l&rsquo;UMP lors des derni\u00e8res cantonales et fut le suppl\u00e9ant d&rsquo;Anne Courtill\u00e9 lors des \u00e9lections l\u00e9gislatives.<\/p>\n<p>Au moment o\u00f9 l&rsquo;\u00e9lection de Barack Obama g\u00e9n\u00e8re beaucoup d&rsquo;optimisme, il est bon de rappeler cette v\u00e9rit\u00e9 : la diversit\u00e9 en politique, c&rsquo;est l&rsquo;UMP qui la porte le mieux.<\/p>\n<p>Flavien Neuvy<\/p>\n","protected":false},"excerpt":{"rendered":"<p>La nouvelle est tomb\u00e9e ce matin : Pierre N&rsquo;Gahane vient d&rsquo;\u00eatre nomm\u00e9 pr\u00e9fet des Alpes-de-Haute-Provence. Il devient ainsi le premier noir d&rsquo;origine africaine \u00e0 \u00eatre nomm\u00e9 \u00e0 ce poste ( lire ici ). Brice Hortefeux a r\u00e9agit sur Le Figaro.fr en d\u00e9clarant &quot;Un pr\u00e9fet d&rsquo;origine africaine, c&rsquo;est la normalit\u00e9&quot; (voir ici ).Encore une fois, Nicolas&nbsp;<\/p>\n<p><a class=\"btn btn-style\" href=\"https:\/\/flavienneuvy.fr\/index.php\/2008\/11\/12\/lump-porte-la-d\/\">Continuer la lecture&#8230;<\/a><\/p>\n","protected":false},"author":1,"featured_media":0,"comment_status":"open","ping_status":"open","sticky":false,"template":"","format":"standard","meta":[],"categories":[1],"tags":[],"_links":{"self":[{"href":"https:\/\/flavienneuvy.fr\/index.php\/wp-json\/wp\/v2\/posts\/1089"}],"collection":[{"href":"https:\/\/flavienneuvy.fr\/index.php\/wp-json\/wp\/v2\/posts"}],"about":[{"href":"https:\/\/flavienneuvy.fr\/index.php\/wp-json\/wp\/v2\/types\/post"}],"author":[{"embeddable":true,"href":"https:\/\/flavienneuvy.fr\/index.php\/wp-json\/wp\/v2\/users\/1"}],"replies":[{"embeddable":true,"href":"https:\/\/flavienneuvy.fr\/index.php\/wp-json\/wp\/v2\/comments?post=1089"}],"version-history":[{"count":0,"href":"https:\/\/flavienneuvy.fr\/index.php\/wp-json\/wp\/v2\/posts\/1089\/revisions"}],"wp:attachment":[{"href":"https:\/\/flavienneuvy.fr\/index.php\/wp-json\/wp\/v2\/media?parent=1089"}],"wp:term":[{"taxonomy":"category","embeddable":true,"href":"https:\/\/flavienneuvy.fr\/index.php\/wp-json\/wp\/v2\/categories?post=1089"},{"taxonomy":"post_tag","embeddable":true,"href":"https:\/\/flavienneuvy.fr\/index.php\/wp-json\/wp\/v2\/tags?post=1089"}],"curies":[{"name":"wp","href":"https:\/\/api.w.org\/{rel}","templated":true}]}}