{"id":1109,"date":"2008-09-08T22:13:59","date_gmt":"2008-09-08T21:13:59","guid":{"rendered":"http:\/\/flavienneuvy.fr\/index.php\/2008\/09\/08\/la-mauvaise-ide\/"},"modified":"2008-09-08T22:13:59","modified_gmt":"2008-09-08T21:13:59","slug":"la-mauvaise-ide","status":"publish","type":"post","link":"https:\/\/flavienneuvy.fr\/index.php\/2008\/09\/08\/la-mauvaise-ide\/","title":{"rendered":"La mauvaise id\u00e9e Edvige,"},"content":{"rendered":"<p>Impossible de passer \u00e0 c\u00f4t\u00e9 de cette actualit\u00e9 qui engendre la pol\u00e9mique: je veux bien s\u00fbr parler du fichier Edvige. Pour m\u00e9moire, ce fichier est n\u00e9 le 1er juillet dernier et a pour objectif de collecter des donn\u00e9es sur&#8230; les personnes physiques ou morales ayant sollicit\u00e9, exerc\u00e9 ou exer\u00e7ant un<br \/>\nmandat politique, syndical ou \u00e9conomique ou qui jouent un r\u00f4le<br \/>\ninstitutionnel, \u00e9conomique, social ou religieux significatif&#8230;Autant dire beaucoup de monde.<\/p>\n<p>Les r\u00e9actions outr\u00e9es de bon nombre de personnalit\u00e9s politiques sont risibles tant elles sont hypocrites. Fran\u00e7ois Bayrou, par exemple, qui ne sait plus quoi faire pour exister politiquement. N&rsquo;a-t-il pas utilis\u00e9 les fameuses &quot;fiches&quot; des RG qui existaient avant Edvige ? Et tous les socialistes qui tentent eux aussi de trouver un angle pertinent pour attaquer le gouvernement, qu&rsquo;ont-ils fait pour encadrer les &quot;notes blanches&quot; des RG ? C&rsquo;est bien Nicolas Sarkozy qui lorsqu&rsquo;il \u00e9tait ministre de l&rsquo;int\u00e9rieur a fait interdire ces notes anonymes des RG pour \u00e9viter les d\u00e9rives. <\/p>\n<p>Malgr\u00e9 toutes ces pr\u00e9cisions, je suis contre la mise en place de ce fichier qui de toute \u00e9vidence va trop loin dans la collecte d&rsquo;informations.<\/p>\n<p>Flavien Neuvy<\/p>\n<p>&nbsp;<\/p>\n","protected":false},"excerpt":{"rendered":"<p>Impossible de passer \u00e0 c\u00f4t\u00e9 de cette actualit\u00e9 qui engendre la pol\u00e9mique: je veux bien s\u00fbr parler du fichier Edvige. Pour m\u00e9moire, ce fichier est n\u00e9 le 1er juillet dernier et a pour objectif de collecter des donn\u00e9es sur&#8230; les personnes physiques ou morales ayant sollicit\u00e9, exerc\u00e9 ou exer\u00e7ant un mandat politique, syndical ou \u00e9conomique&nbsp;<\/p>\n<p><a class=\"btn btn-style\" href=\"https:\/\/flavienneuvy.fr\/index.php\/2008\/09\/08\/la-mauvaise-ide\/\">Continuer la lecture&#8230;<\/a><\/p>\n","protected":false},"author":1,"featured_media":0,"comment_status":"open","ping_status":"open","sticky":false,"template":"","format":"standard","meta":[],"categories":[4],"tags":[],"_links":{"self":[{"href":"https:\/\/flavienneuvy.fr\/index.php\/wp-json\/wp\/v2\/posts\/1109"}],"collection":[{"href":"https:\/\/flavienneuvy.fr\/index.php\/wp-json\/wp\/v2\/posts"}],"about":[{"href":"https:\/\/flavienneuvy.fr\/index.php\/wp-json\/wp\/v2\/types\/post"}],"author":[{"embeddable":true,"href":"https:\/\/flavienneuvy.fr\/index.php\/wp-json\/wp\/v2\/users\/1"}],"replies":[{"embeddable":true,"href":"https:\/\/flavienneuvy.fr\/index.php\/wp-json\/wp\/v2\/comments?post=1109"}],"version-history":[{"count":0,"href":"https:\/\/flavienneuvy.fr\/index.php\/wp-json\/wp\/v2\/posts\/1109\/revisions"}],"wp:attachment":[{"href":"https:\/\/flavienneuvy.fr\/index.php\/wp-json\/wp\/v2\/media?parent=1109"}],"wp:term":[{"taxonomy":"category","embeddable":true,"href":"https:\/\/flavienneuvy.fr\/index.php\/wp-json\/wp\/v2\/categories?post=1109"},{"taxonomy":"post_tag","embeddable":true,"href":"https:\/\/flavienneuvy.fr\/index.php\/wp-json\/wp\/v2\/tags?post=1109"}],"curies":[{"name":"wp","href":"https:\/\/api.w.org\/{rel}","templated":true}]}}