{"id":1112,"date":"2008-08-31T10:06:27","date_gmt":"2008-08-31T09:06:27","guid":{"rendered":"http:\/\/flavienneuvy.fr\/index.php\/2008\/08\/31\/voliente-agress\/"},"modified":"2008-08-31T10:06:27","modified_gmt":"2008-08-31T09:06:27","slug":"voliente-agress","status":"publish","type":"post","link":"https:\/\/flavienneuvy.fr\/index.php\/2008\/08\/31\/voliente-agress\/","title":{"rendered":"Violente agression d&rsquo;un commer\u00e7ant de C\u00e9bazat"},"content":{"rendered":"<p>Jeudi soir un commer\u00e7ant de C\u00e9bazat a \u00e9t\u00e9 agress\u00e9. Vous pouvez retrouver l&rsquo;article consacr\u00e9 \u00e0 ce sujet sur le site <a href=\"http:\/\/www.ensemblepourcebazat.fr\/\">Ensemble pour C\u00e9bazat<\/a>.<\/p>\n<p>Fait curieux : La Montagne n&rsquo;a pas (pour le moment) \u00e9voqu\u00e9 ce fait divers.<\/p>\n<p>Flavien Neuvy<\/p>\n","protected":false},"excerpt":{"rendered":"<p>Jeudi soir un commer\u00e7ant de C\u00e9bazat a \u00e9t\u00e9 agress\u00e9. Vous pouvez retrouver l&rsquo;article consacr\u00e9 \u00e0 ce sujet sur le site Ensemble pour C\u00e9bazat. Fait curieux : La Montagne n&rsquo;a pas (pour le moment) \u00e9voqu\u00e9 ce fait divers. Flavien Neuvy<\/p>\n","protected":false},"author":1,"featured_media":0,"comment_status":"open","ping_status":"open","sticky":false,"template":"","format":"standard","meta":[],"categories":[1],"tags":[],"_links":{"self":[{"href":"https:\/\/flavienneuvy.fr\/index.php\/wp-json\/wp\/v2\/posts\/1112"}],"collection":[{"href":"https:\/\/flavienneuvy.fr\/index.php\/wp-json\/wp\/v2\/posts"}],"about":[{"href":"https:\/\/flavienneuvy.fr\/index.php\/wp-json\/wp\/v2\/types\/post"}],"author":[{"embeddable":true,"href":"https:\/\/flavienneuvy.fr\/index.php\/wp-json\/wp\/v2\/users\/1"}],"replies":[{"embeddable":true,"href":"https:\/\/flavienneuvy.fr\/index.php\/wp-json\/wp\/v2\/comments?post=1112"}],"version-history":[{"count":0,"href":"https:\/\/flavienneuvy.fr\/index.php\/wp-json\/wp\/v2\/posts\/1112\/revisions"}],"wp:attachment":[{"href":"https:\/\/flavienneuvy.fr\/index.php\/wp-json\/wp\/v2\/media?parent=1112"}],"wp:term":[{"taxonomy":"category","embeddable":true,"href":"https:\/\/flavienneuvy.fr\/index.php\/wp-json\/wp\/v2\/categories?post=1112"},{"taxonomy":"post_tag","embeddable":true,"href":"https:\/\/flavienneuvy.fr\/index.php\/wp-json\/wp\/v2\/tags?post=1112"}],"curies":[{"name":"wp","href":"https:\/\/api.w.org\/{rel}","templated":true}]}}