{"id":1114,"date":"2008-08-27T22:21:45","date_gmt":"2008-08-27T21:21:45","guid":{"rendered":"http:\/\/flavienneuvy.fr\/index.php\/2008\/08\/27\/la-taux-de-pauv\/"},"modified":"2008-08-27T22:21:45","modified_gmt":"2008-08-27T21:21:45","slug":"la-taux-de-pauv","status":"publish","type":"post","link":"https:\/\/flavienneuvy.fr\/index.php\/2008\/08\/27\/la-taux-de-pauv\/","title":{"rendered":"La taux de pauvret\u00e9 recule dans le monde,"},"content":{"rendered":"<p>Vous connaissez l&rsquo;\u00e9ternelle ritournelle qui consiste \u00e0 dire que, globalement dans le monde, les riches sont de plus en plus riches et les pauvres de plus en plus pauvres (toujours la m\u00eame erreur qui consiste \u00e0 penser que ceux qui sont riches prennent la part de ceux qui sont pauvres). <br \/>Or cette id\u00e9e est fausse, compl\u00e8tement fausse. Une nouvelle preuve vient d&rsquo;\u00eatre apport\u00e9e par le rapport publi\u00e9 par la Banque mondiale qui r\u00e9v\u00e8le que depuis 1981, la proportion de pauvres dans la population mondiale a diminu\u00e9 de moiti\u00e9 dans le monde. Ce sont ainsi 600 millions de personnes qui sont sorties de l&rsquo;extr\u00eame pauvret\u00e9.<br \/>C&rsquo;est le r\u00e9sultat de la globalisation de l&rsquo;\u00e9conomie qui profite avant tout aux pays les plus pauvres (mis \u00e0 part l&rsquo;Afrique pour des raisons sp\u00e9cifiques). <\/p>\n<p>Il ne faut cependant pas oublier qu&rsquo;il y a encore dans le monde 2,5 milliards de personnes vivent avec moins de 2 dollars par jour.<\/p>\n<p>Lire <a href=\"http:\/\/www.lemonde.fr\/economie\/article\/2008\/08\/27\/la-proportion-de-pauvres-dans-la-population-mondiale-a-diminue-de-moitie-depuis-1981_1088308_3234.html\">ici<\/a> <\/p>\n<p>Flavien Neuvy<\/p>\n","protected":false},"excerpt":{"rendered":"<p>Vous connaissez l&rsquo;\u00e9ternelle ritournelle qui consiste \u00e0 dire que, globalement dans le monde, les riches sont de plus en plus riches et les pauvres de plus en plus pauvres (toujours la m\u00eame erreur qui consiste \u00e0 penser que ceux qui sont riches prennent la part de ceux qui sont pauvres). Or cette id\u00e9e est fausse,&nbsp;<\/p>\n<p><a class=\"btn btn-style\" href=\"https:\/\/flavienneuvy.fr\/index.php\/2008\/08\/27\/la-taux-de-pauv\/\">Continuer la lecture&#8230;<\/a><\/p>\n","protected":false},"author":1,"featured_media":0,"comment_status":"open","ping_status":"open","sticky":false,"template":"","format":"standard","meta":[],"categories":[3],"tags":[],"_links":{"self":[{"href":"https:\/\/flavienneuvy.fr\/index.php\/wp-json\/wp\/v2\/posts\/1114"}],"collection":[{"href":"https:\/\/flavienneuvy.fr\/index.php\/wp-json\/wp\/v2\/posts"}],"about":[{"href":"https:\/\/flavienneuvy.fr\/index.php\/wp-json\/wp\/v2\/types\/post"}],"author":[{"embeddable":true,"href":"https:\/\/flavienneuvy.fr\/index.php\/wp-json\/wp\/v2\/users\/1"}],"replies":[{"embeddable":true,"href":"https:\/\/flavienneuvy.fr\/index.php\/wp-json\/wp\/v2\/comments?post=1114"}],"version-history":[{"count":0,"href":"https:\/\/flavienneuvy.fr\/index.php\/wp-json\/wp\/v2\/posts\/1114\/revisions"}],"wp:attachment":[{"href":"https:\/\/flavienneuvy.fr\/index.php\/wp-json\/wp\/v2\/media?parent=1114"}],"wp:term":[{"taxonomy":"category","embeddable":true,"href":"https:\/\/flavienneuvy.fr\/index.php\/wp-json\/wp\/v2\/categories?post=1114"},{"taxonomy":"post_tag","embeddable":true,"href":"https:\/\/flavienneuvy.fr\/index.php\/wp-json\/wp\/v2\/tags?post=1114"}],"curies":[{"name":"wp","href":"https:\/\/api.w.org\/{rel}","templated":true}]}}