{"id":1115,"date":"2008-08-22T17:18:04","date_gmt":"2008-08-22T16:18:04","guid":{"rendered":"http:\/\/flavienneuvy.fr\/index.php\/2008\/08\/22\/55-des-franais\/"},"modified":"2008-08-22T17:18:04","modified_gmt":"2008-08-22T16:18:04","slug":"55-des-franais","status":"publish","type":"post","link":"https:\/\/flavienneuvy.fr\/index.php\/2008\/08\/22\/55-des-franais\/","title":{"rendered":"55% des Fran\u00e7ais pour un retrait des troupes"},"content":{"rendered":"<p>Selon un sondage effectu\u00e9 par CSA et dont les r\u00e9sultats sont publi\u00e9s aujourd&rsquo;hui, 55% se d\u00e9clarent favorables \u00e0 un retrait de nos soldats d&rsquo;Afghanistan. Je fais donc partie des 36% qui, au contraire, pensent qu&rsquo;il faut maintenir nos soldats dans ce pays.<\/p>\n<p>Pourquoi ? Parce-que le d\u00e9part des soldats de la coalition (45 pays) permettrait aux Talibans de reprendre le pouvoir instantan\u00e9ment. Le pr\u00e9sident Karza\u00ef n&rsquo;a pas les moyens militaires pour r\u00e9sister seuls aux Talibans.<br \/>Or que signifierait un retour au pouvoir des Talibans ? <\/p>\n<p>Outre le retour du&nbsp; <span style=\"color: #000000;\">&nbsp;<\/span><em>Minist\u00e8re de la R\u00e9pression du Vice et de la Propagation de<br \/>\nla Vertu, <\/em>il faudra compter sur la reconstitution des bases d&rsquo;entra\u00eenement pour tous les apprentis terroristes. N&rsquo;oublions pas qu&rsquo;avant la chute des Talibans, ce pays \u00e9tait la base arri\u00e8re du terrorisme international, qui peut le nier?<span style=\"font-size: 1.2em;\"><\/p>\n<p>Un rapide rappel de quelques r\u00e8gles impos\u00e9es par les Talibans :<\/span><span style=\"color: #000000;font-size: 0.8em;\"><br \/> <\/span><\/p>\n<ul>\n<p><span style=\"color: #000000;font-size: 0.8em;\">&nbsp; &nbsp;<\/p>\n<li>\n&nbsp; &nbsp;&nbsp; &nbsp;<span style=\"font-size: 1.2em;\">Interdiction faite aux femmes de travailler en dehors de chez elles (quelques rares exceptions dans le secteur m\u00e9dical).<br \/>\n&nbsp; &nbsp;<\/span><\/li>\n<p><\/span><span style=\"font-size: 1.2em;\">&nbsp;<\/span><span style=\"color: #000000;font-size: 0.8em;\"><\/p>\n<li><span style=\"font-size: 1.2em;\"><br \/>\n&nbsp; &nbsp;&nbsp; &nbsp;Interdiction faite aux m\u00e9decins ou infirmiers hommes de soigner des femmes.<br \/>\n&nbsp; &nbsp;<\/span><\/li>\n<p><\/span><span style=\"font-size: 1.2em;\">&nbsp;<\/span><span style=\"color: #000000;font-size: 0.8em;\"><\/p>\n<li><span style=\"font-size: 1.2em;\"><br \/>\n&nbsp; &nbsp;&nbsp; &nbsp;Obligation pour les femmes de porter la burka (ou tchadri).<br \/>&nbsp; &nbsp;&nbsp; &nbsp;<br \/>\n&nbsp; &nbsp;&nbsp; &nbsp;<img decoding=\"async\" loading=\"lazy\" hspace=\"5\" height=\"65\" width=\"98\" vspace=\"5\" src=\"http:\/\/membres.lycos.fr\/wotraceafg\/burka2.jpg\" \/><br \/>\n&nbsp; &nbsp;<\/span><\/li>\n<p><\/span><span style=\"font-size: 1.2em;\">&nbsp;<\/span><span style=\"color: #000000;font-size: 0.8em;\"><\/p>\n<li><span style=\"font-size: 1.2em;\"><br \/>\n&nbsp; &nbsp;&nbsp; &nbsp;Interdiction faite aux femmes de se d\u00e9placer en taxi sans \u00eatre accompagn\u00e9es par un parent de sexe masculin.<br \/>\n&nbsp; &nbsp;<\/span><\/li>\n<p><\/span><span style=\"font-size: 1.2em;\">&nbsp;<\/span><span style=\"color: #000000;font-size: 0.8em;\"><\/p>\n<li><span style=\"font-size: 1.2em;\"><br \/>\n&nbsp; &nbsp;&nbsp; &nbsp;Interdiction faite aux femmes de conduire une voiture (cette mesure vaut \u00e9galement pour les \u00e9trang\u00e8res<br \/>\n&nbsp; &nbsp;&nbsp; &nbsp;travaillant aupr\u00e8s d&rsquo;organisations humanitaires).<br \/>\n&nbsp; &nbsp;<\/span><\/li>\n<p><\/span><span style=\"font-size: 1.2em;\">&nbsp;<\/span><span style=\"color: #000000;font-size: 0.8em;\"><\/p>\n<li><span style=\"font-size: 1.2em;\"><br \/>\n&nbsp; &nbsp;&nbsp; &nbsp;Les petites filles ne sont autoris\u00e9es \u00e0 fr\u00e9quenter l&rsquo;\u00e9cole que jusqu&rsquo;\u00e0 l&rsquo;\u00e2ge de 8 ans.<br \/>\n&nbsp; &nbsp;<\/span><\/li>\n<p><\/span><span style=\"font-size: 1.2em;\">&nbsp;<\/span><span style=\"color: #000000;font-size: 0.8em;\"><\/p>\n<li><span style=\"font-size: 1.2em;\"><br \/>\n&nbsp; &nbsp;&nbsp; &nbsp;Stricte s\u00e9paration des hommes et des femmes dans tous les lieux publics (y compris les cantines des organisations<br \/>\n&nbsp; &nbsp;&nbsp; &nbsp;humanitaires).<br \/>\n&nbsp; &nbsp;<\/span><\/li>\n<p><\/span><span style=\"font-size: 1.2em;\">&nbsp;<\/span><span style=\"color: #000000;font-size: 0.8em;\"><\/p>\n<li><span style=\"font-size: 1.2em;\"><br \/>\n&nbsp; &nbsp;&nbsp; &nbsp;Interdiction faite aux hommes de se raser ou de se tailler la barbe; un homme aper\u00e7u avec une barbe ras\u00e9e ou taill\u00e9e<br \/>\n&nbsp; &nbsp;&nbsp; &nbsp;sera emprisonn\u00e9 jusqu&rsquo;\u00e0 ce que sa barbe soit touffue.<br \/>\n&nbsp; &nbsp;<\/span><\/li>\n<p><\/span><span style=\"font-size: 1.2em;\">&nbsp;<\/span><span style=\"color: #000000;font-size: 0.8em;\"><\/p>\n<li><span style=\"font-size: 1.2em;\"><br \/>\n&nbsp; &nbsp;&nbsp; &nbsp;Interdiction des cheveux trop longs pour les hommes.<br \/>\n&nbsp; &nbsp;<\/span><\/li>\n<p><\/span><span style=\"font-size: 1.2em;\">&nbsp;<\/span><span style=\"color: #000000;font-size: 0.8em;\"><\/p>\n<li><span style=\"font-size: 1.2em;\"><br \/>\n&nbsp; &nbsp;&nbsp; &nbsp;Interdiction du pros\u00e9lytisme religieux d\u00e8s lors qu&rsquo;il s&rsquo;agit de religions autres que l&rsquo;islam.<br \/>\n&nbsp; &nbsp;<\/span><\/li>\n<p><\/span><span style=\"font-size: 1.2em;\">&nbsp;<\/span><span style=\"color: #000000;font-size: 0.8em;\"><\/p>\n<li><span style=\"font-size: 1.2em;\"><br \/>\n&nbsp; &nbsp;&nbsp; &nbsp;Les seuls Afghans non-musulmans autoris\u00e9s \u00e0 pratiquer leur religion sont les Hindous et les Sikhs. Les Hindous<br \/>\n&nbsp; &nbsp;&nbsp; &nbsp;sont tenus de porter comme signe distinctif un morceau de tissu jaune sur leurs v\u00eatements. Les Sikhs, reconnaissables<br \/>\n&nbsp; &nbsp;&nbsp; &nbsp;\u00e0 leur turban, en sont dispens\u00e9s.<br \/>\n&nbsp; &nbsp;<\/span><\/li>\n<p><\/span><span style=\"font-size: 1.2em;\">&nbsp;<\/span><span style=\"color: #000000;font-size: 0.8em;\"><\/p>\n<li><span style=\"font-size: 1.2em;\"><br \/>\n&nbsp; &nbsp;&nbsp; &nbsp;Les pri\u00e8res communes aux heures d\u00e9finies sont obligatoires pour tous. Tout homme adulte rencontr\u00e9 dans un lieu public<br \/>\n&nbsp; &nbsp;&nbsp; &nbsp;\u00e0 ces heures-l\u00e0 est passible d&#8217;emprisonnement.<br \/>\n&nbsp; &nbsp;<\/span><\/li>\n<p><\/span><span style=\"font-size: 1.2em;\">&nbsp;<\/span><span style=\"color: #000000;font-size: 0.8em;\"><\/p>\n<li><span style=\"font-size: 1.2em;\"><br \/>\n&nbsp; &nbsp;&nbsp; &nbsp;Interdiction de la t\u00e9l\u00e9vision, de la musique, des cassettes audio et vid\u00e9o, de la peinture, du dessin, de la<br \/>\n&nbsp; &nbsp;&nbsp; &nbsp;photographie, des cin\u00e9mas et &#8211; bien entendu &#8211; de l&rsquo;Internet. (La radio n&rsquo;est pas interdite, mais les rares stations<br \/>\n&nbsp; &nbsp;&nbsp; &nbsp;existantes ne diffusent que des programmes religieux entrecoup\u00e9s de nouvelles. Il n&rsquo;y a en tout et pour tout que<br \/>\n&nbsp; &nbsp;&nbsp; &nbsp;160.000 postes r\u00e9cepteurs dans tout le pays.)<br \/>\n&nbsp; &nbsp;<\/span><\/li>\n<p><\/span><span style=\"font-size: 1.2em;\">&nbsp;<\/span><span style=\"color: #000000;font-size: 0.8em;\"><\/p>\n<li><span style=\"font-size: 1.2em;\"><br \/>\n&nbsp; &nbsp;&nbsp; &nbsp;Interdiction du jeu d&rsquo;\u00e9checs (d\u00e9tourne les gens de la pri\u00e8re).<br \/>\n&nbsp; &nbsp;<\/span><\/li>\n<p><\/span><span style=\"font-size: 1.2em;\">&nbsp;<\/span><span style=\"color: #000000;font-size: 0.8em;\"><\/p>\n<li><span style=\"font-size: 1.2em;\"><br \/>\n&nbsp; &nbsp;&nbsp; &nbsp;Interdiction des jeux traditionnels (y compris les cerfs-volants et les poup\u00e9es pour enfants).<br \/>\n&nbsp; &nbsp;<\/span><\/li>\n<p><\/span><span style=\"font-size: 1.2em;\">&nbsp;<\/span><span style=\"color: #000000;font-size: 0.8em;\"><\/p>\n<li><span style=\"font-size: 1.2em;\"><br \/>\n&nbsp; &nbsp;&nbsp; &nbsp;Interdiction des comp\u00e9titions sportives.<br \/>\n&nbsp; &nbsp;<\/span><\/li>\n<p><\/span><span style=\"font-size: 1.2em;\">&nbsp;<\/span><span style=\"color: #000000;font-size: 0.8em;\"><\/p>\n<li><span style=\"font-size: 1.2em;\"><br \/>\n&nbsp; &nbsp;&nbsp; &nbsp;Interdiction des costumes occidentaux et des chaussettes blanches.<br \/>\n&nbsp; &nbsp;<\/span><\/li>\n<p><\/span><span style=\"font-size: 1.2em;\">&nbsp;<\/span><span style=\"color: #000000;font-size: 0.8em;\"><\/p>\n<li><span style=\"font-size: 1.2em;\"><br \/>\n&nbsp; &nbsp;&nbsp; &nbsp;Interdiction des tambourins, des danses et des chants dans les mariages.<\/span><\/li>\n<p><\/span><\/p>\n<\/ul>\n<p><span style=\"font-size: 1.2em;\">Flavien Neuvy<\/span><\/p>\n","protected":false},"excerpt":{"rendered":"<p>Selon un sondage effectu\u00e9 par CSA et dont les r\u00e9sultats sont publi\u00e9s aujourd&rsquo;hui, 55% se d\u00e9clarent favorables \u00e0 un retrait de nos soldats d&rsquo;Afghanistan. Je fais donc partie des 36% qui, au contraire, pensent qu&rsquo;il faut maintenir nos soldats dans ce pays. Pourquoi ? Parce-que le d\u00e9part des soldats de la coalition (45 pays) permettrait&nbsp;<\/p>\n<p><a class=\"btn btn-style\" href=\"https:\/\/flavienneuvy.fr\/index.php\/2008\/08\/22\/55-des-franais\/\">Continuer la lecture&#8230;<\/a><\/p>\n","protected":false},"author":1,"featured_media":0,"comment_status":"open","ping_status":"open","sticky":false,"template":"","format":"standard","meta":[],"categories":[1],"tags":[],"_links":{"self":[{"href":"https:\/\/flavienneuvy.fr\/index.php\/wp-json\/wp\/v2\/posts\/1115"}],"collection":[{"href":"https:\/\/flavienneuvy.fr\/index.php\/wp-json\/wp\/v2\/posts"}],"about":[{"href":"https:\/\/flavienneuvy.fr\/index.php\/wp-json\/wp\/v2\/types\/post"}],"author":[{"embeddable":true,"href":"https:\/\/flavienneuvy.fr\/index.php\/wp-json\/wp\/v2\/users\/1"}],"replies":[{"embeddable":true,"href":"https:\/\/flavienneuvy.fr\/index.php\/wp-json\/wp\/v2\/comments?post=1115"}],"version-history":[{"count":0,"href":"https:\/\/flavienneuvy.fr\/index.php\/wp-json\/wp\/v2\/posts\/1115\/revisions"}],"wp:attachment":[{"href":"https:\/\/flavienneuvy.fr\/index.php\/wp-json\/wp\/v2\/media?parent=1115"}],"wp:term":[{"taxonomy":"category","embeddable":true,"href":"https:\/\/flavienneuvy.fr\/index.php\/wp-json\/wp\/v2\/categories?post=1115"},{"taxonomy":"post_tag","embeddable":true,"href":"https:\/\/flavienneuvy.fr\/index.php\/wp-json\/wp\/v2\/tags?post=1115"}],"curies":[{"name":"wp","href":"https:\/\/api.w.org\/{rel}","templated":true}]}}