{"id":1118,"date":"2008-08-14T13:45:01","date_gmt":"2008-08-14T12:45:01","guid":{"rendered":"http:\/\/flavienneuvy.fr\/index.php\/2008\/08\/14\/les-prix-chuten\/"},"modified":"2008-08-14T13:45:01","modified_gmt":"2008-08-14T12:45:01","slug":"les-prix-chuten","status":"publish","type":"post","link":"https:\/\/flavienneuvy.fr\/index.php\/2008\/08\/14\/les-prix-chuten\/","title":{"rendered":"Les prix chutent"},"content":{"rendered":"<p>Les chiffres de la croissance pour le deuxi\u00e8me trimestre sont connus depuis ce matin et affichent une contraction de l&rsquo;activit\u00e9 de -0,3%. L&rsquo;impact de la flamb\u00e9e des cours du p\u00e9trole aura fortement pes\u00e9 sur l&rsquo;\u00e9conomie de notre pays.<br \/>Le troisi\u00e8me trimestre risque lui aussi d&rsquo;\u00eatre relativement faible. Au mois de juillet, l&rsquo;inflation a progress\u00e9 de 3,6% en rythme annuel. <br \/>Cependant, des signes positifs sont perceptibles depuis le 15 juillet. Je veux parler de la chute verticale de certains prix. Je pense bien s\u00fbr au prix du p\u00e9trole qui est pass\u00e9 en moins d&rsquo;un mois de plus de 145$ le baril \u00e0 moins de 115$. Les prix \u00e0 la pompe ont logiquement amorc\u00e9 leur recul. Le prix des mati\u00e8res premi\u00e8res suit le mouvement baissier. <br \/>De la m\u00eame fa\u00e7on, les prix des fruits et l\u00e9gumes reculent, parfois m\u00eame tr\u00e8s sensiblement. Je pense par exemple aux prix du melon qui sont en moyenne 20% inf\u00e9rieurs aux prix moyens de ces 5 derni\u00e8res ann\u00e9es.<\/p>\n<p>Avec le ralentissement mondial, cette tendance \u00e0 la baisse devrait se poursuivre et redonner un peu d&rsquo;air au budget des m\u00e9nages.<\/p>\n<p>Flavien Neuvy <\/p>\n","protected":false},"excerpt":{"rendered":"<p>Les chiffres de la croissance pour le deuxi\u00e8me trimestre sont connus depuis ce matin et affichent une contraction de l&rsquo;activit\u00e9 de -0,3%. L&rsquo;impact de la flamb\u00e9e des cours du p\u00e9trole aura fortement pes\u00e9 sur l&rsquo;\u00e9conomie de notre pays.Le troisi\u00e8me trimestre risque lui aussi d&rsquo;\u00eatre relativement faible. Au mois de juillet, l&rsquo;inflation a progress\u00e9 de 3,6%&nbsp;<\/p>\n<p><a class=\"btn btn-style\" href=\"https:\/\/flavienneuvy.fr\/index.php\/2008\/08\/14\/les-prix-chuten\/\">Continuer la lecture&#8230;<\/a><\/p>\n","protected":false},"author":1,"featured_media":0,"comment_status":"open","ping_status":"open","sticky":false,"template":"","format":"standard","meta":[],"categories":[3],"tags":[],"_links":{"self":[{"href":"https:\/\/flavienneuvy.fr\/index.php\/wp-json\/wp\/v2\/posts\/1118"}],"collection":[{"href":"https:\/\/flavienneuvy.fr\/index.php\/wp-json\/wp\/v2\/posts"}],"about":[{"href":"https:\/\/flavienneuvy.fr\/index.php\/wp-json\/wp\/v2\/types\/post"}],"author":[{"embeddable":true,"href":"https:\/\/flavienneuvy.fr\/index.php\/wp-json\/wp\/v2\/users\/1"}],"replies":[{"embeddable":true,"href":"https:\/\/flavienneuvy.fr\/index.php\/wp-json\/wp\/v2\/comments?post=1118"}],"version-history":[{"count":0,"href":"https:\/\/flavienneuvy.fr\/index.php\/wp-json\/wp\/v2\/posts\/1118\/revisions"}],"wp:attachment":[{"href":"https:\/\/flavienneuvy.fr\/index.php\/wp-json\/wp\/v2\/media?parent=1118"}],"wp:term":[{"taxonomy":"category","embeddable":true,"href":"https:\/\/flavienneuvy.fr\/index.php\/wp-json\/wp\/v2\/categories?post=1118"},{"taxonomy":"post_tag","embeddable":true,"href":"https:\/\/flavienneuvy.fr\/index.php\/wp-json\/wp\/v2\/tags?post=1118"}],"curies":[{"name":"wp","href":"https:\/\/api.w.org\/{rel}","templated":true}]}}