{"id":1119,"date":"2008-08-06T21:51:23","date_gmt":"2008-08-06T20:51:23","guid":{"rendered":"http:\/\/flavienneuvy.fr\/index.php\/2008\/08\/06\/faits-divers\/"},"modified":"2008-08-06T21:51:23","modified_gmt":"2008-08-06T20:51:23","slug":"faits-divers","status":"publish","type":"post","link":"https:\/\/flavienneuvy.fr\/index.php\/2008\/08\/06\/faits-divers\/","title":{"rendered":"Faits divers"},"content":{"rendered":"<p>Je n&rsquo;ai pas pour habitude de commenter les faits divers mais l&rsquo;actualit\u00e9 de cet \u00e9t\u00e9 est particuli\u00e8rement dure et ce sont de nombreux enfants qui en sont les victimes. <\/p>\n<p>Valentin d&rsquo;abord : crime horrible, inimaginable, il n&rsquo;y a pas de mots pour qualifier ce meurtre. Cet enfant&nbsp; tu\u00e9 de 54 coups de couteau, comme \u00e7\u00e0, pour rien, simplement parce qu&rsquo;un illumin\u00e9 qui se croyait en mission&nbsp; divine avait d\u00e9cid\u00e9 de tuer une personne au hasard. Ce fut Valentin, cela aurait pu \u00eatre n&rsquo;importe quel autre enfant. Durant sa garde \u00e0 vue, l&rsquo;auteur des faits a indiqu\u00e9 aux enqu\u00eateurs qu&rsquo;il n&rsquo;\u00e9tait pour rien dans cette affaire (l&rsquo;ADN prouve le contraire). Il a expliqu\u00e9 qu&rsquo;il avait beaucoup de sosies et il appelle sa compagne &quot;majest\u00e9&quot;. Cet homme n&rsquo;a visiblement pas toutes ses capacit\u00e9s mentales. C&rsquo;est maintenant que la loi sur la r\u00e9tention de s\u00fbret\u00e9 de f\u00e9vrier dernier, loi voulue par le pr\u00e9sident de la r\u00e9publique et qui a tant fait hurler la gauche fran\u00e7aise, prend tout son sens. Que le criminel soit jug\u00e9 responsable de ses actes ou non, la loi encadre son avenir. Il est inimaginable qu&rsquo;un tel individu puisse de nouveau se retrouver un jour libre de ses faits et gestes sur la voir publique.<\/p>\n<p>L&rsquo;\u00e9t\u00e9 est d\u00e9cid\u00e9ment bien lourd en ce moment. On a appris qu&rsquo;un b\u00e9b\u00e9 de 8 mois avait \u00e9t\u00e9 tu\u00e9&nbsp; par deux enfants qui jetaient des pierres dans la mer. Une de celles-ci est venue s&rsquo;\u00e9craser sur la t\u00eate du b\u00e9b\u00e9 et l&rsquo;a tu\u00e9 sur le coup. Au moment de l&rsquo;accident le b\u00e9b\u00e9 \u00e9tait dans les bras de sa maman venue en Corse avec son mari pour les vancances.<\/p>\n<p>Au mois de juillet, du c\u00f4t\u00e9 de Lyon, un p\u00e8re qui voit son couple en danger tue sa femme, \u00e9touffe ses deux enfants avec un sac plastique sur la t\u00eate apr\u00e8s leur avoir attach\u00e9 les mains, et finit par se suicider en mettant le feu \u00e0 sa maison.<\/p>\n<p>Vers Tour, c&rsquo;est un enfant de 10 ans qui tue accidentellement son ami de 11 ans d&rsquo;un coup de fusil alors qu&rsquo;ils jouaient dans la maison de leur grand-m\u00e8re.<\/p>\n<p>Sans oublier, les deux drames abominables de ces deux p\u00e8res qui ont oubli\u00e9 leur enfant dans leur voiture. Comment oublier le t\u00e9moignage de ce pompier de Ch\u00e2lon sur Sa\u00f4ne qui d\u00e9clare avoir vu arriver le papa en pleurs en disant &quot;j&rsquo;ai tu\u00e9 mon enfant&quot;. <\/p>\n<p>Quoi de plus incompr\u00e9hensible, d&rsquo;injuste que le destin qui frappe des enfants ?<\/p>\n<p>Flavien Neuvy <\/p>\n","protected":false},"excerpt":{"rendered":"<p>Je n&rsquo;ai pas pour habitude de commenter les faits divers mais l&rsquo;actualit\u00e9 de cet \u00e9t\u00e9 est particuli\u00e8rement dure et ce sont de nombreux enfants qui en sont les victimes. Valentin d&rsquo;abord : crime horrible, inimaginable, il n&rsquo;y a pas de mots pour qualifier ce meurtre. Cet enfant&nbsp; tu\u00e9 de 54 coups de couteau, comme \u00e7\u00e0,&nbsp;<\/p>\n<p><a class=\"btn btn-style\" href=\"https:\/\/flavienneuvy.fr\/index.php\/2008\/08\/06\/faits-divers\/\">Continuer la lecture&#8230;<\/a><\/p>\n","protected":false},"author":1,"featured_media":0,"comment_status":"open","ping_status":"open","sticky":false,"template":"","format":"standard","meta":[],"categories":[1],"tags":[],"_links":{"self":[{"href":"https:\/\/flavienneuvy.fr\/index.php\/wp-json\/wp\/v2\/posts\/1119"}],"collection":[{"href":"https:\/\/flavienneuvy.fr\/index.php\/wp-json\/wp\/v2\/posts"}],"about":[{"href":"https:\/\/flavienneuvy.fr\/index.php\/wp-json\/wp\/v2\/types\/post"}],"author":[{"embeddable":true,"href":"https:\/\/flavienneuvy.fr\/index.php\/wp-json\/wp\/v2\/users\/1"}],"replies":[{"embeddable":true,"href":"https:\/\/flavienneuvy.fr\/index.php\/wp-json\/wp\/v2\/comments?post=1119"}],"version-history":[{"count":0,"href":"https:\/\/flavienneuvy.fr\/index.php\/wp-json\/wp\/v2\/posts\/1119\/revisions"}],"wp:attachment":[{"href":"https:\/\/flavienneuvy.fr\/index.php\/wp-json\/wp\/v2\/media?parent=1119"}],"wp:term":[{"taxonomy":"category","embeddable":true,"href":"https:\/\/flavienneuvy.fr\/index.php\/wp-json\/wp\/v2\/categories?post=1119"},{"taxonomy":"post_tag","embeddable":true,"href":"https:\/\/flavienneuvy.fr\/index.php\/wp-json\/wp\/v2\/tags?post=1119"}],"curies":[{"name":"wp","href":"https:\/\/api.w.org\/{rel}","templated":true}]}}