{"id":1120,"date":"2008-07-28T23:19:45","date_gmt":"2008-07-28T22:19:45","guid":{"rendered":"http:\/\/flavienneuvy.fr\/index.php\/2008\/07\/28\/dernier-conseil\/"},"modified":"2008-07-28T23:19:45","modified_gmt":"2008-07-28T22:19:45","slug":"dernier-conseil","status":"publish","type":"post","link":"https:\/\/flavienneuvy.fr\/index.php\/2008\/07\/28\/dernier-conseil\/","title":{"rendered":"Dernier conseil des ministres avant les vacances,"},"content":{"rendered":"<p>C&rsquo;est aujourd&rsquo;hui que s&rsquo;est tenu le dernier conseil des ministres avant les vacances d&rsquo;\u00e9t\u00e9. La reprise est pr\u00e9vue le 21 ao\u00fbt, puis suivront les traditionnelles universit\u00e9s d&rsquo;\u00e9t\u00e9 des formations politiques.<\/p>\n<p>Je souhaite revenir sur la r\u00e9vision constitutionnelle vot\u00e9e de justesse par le parlement fin juillet. C&rsquo;est une bonne nouvelle pour notre pays qui voit ainsi sa constitution modernis\u00e9e. <strong>Je regrette une nouvelle fois la position du parti socialiste qui n&rsquo;est plus cr\u00e9dible pour rien. <\/strong><\/p>\n<p>Cette r\u00e9forme majeure contenait des avanc\u00e9es que le PS souhaitait depuis des ann\u00e9es et alors qu&rsquo;il avait la possibilit\u00e9 de s&rsquo;exprimer clairement sur ce sujet, il vote contre. Voter pour ce n&rsquo;\u00e9tait pas voter pour la politique men\u00e9e par le gouvernement et les Fran\u00e7ais le savent bien. Jack Lang a vot\u00e9 en faveur du texte et il a fait preuve de courage politique. Il l&rsquo;a expliqu\u00e9 tr\u00e8s clairement : il est toujours oppos\u00e9 \u00e0 la politique men\u00e9e par le gouvernement Fillon mais il consid\u00e9rait que ce texte contenait des avanc\u00e9es majeures.<\/p>\n<p>Si quelqu&rsquo;un peut m&rsquo;expliquer de fa\u00e7on claire pourquoi le PS a vot\u00e9 contre, je suis preneur. <\/p>\n<p>La r\u00e9alit\u00e9 est, \u00e0 mon sens, relativement simple et des socialistes l&rsquo;ont parfaitement expliqu\u00e9 dans une tribune publi\u00e9e dans Le Monde: &quot;le PS a fait preuve d&rsquo;un anti-Sarkozysme pavlovien&quot; &gt; <a href=\"http:\/\/www.lemonde.fr\/politique\/article\/2008\/07\/22\/des-deputes-socialistes-contre-l-anti-sarkozysme-pavlovien_1075729_823448.html\">lire ici<\/a><\/p>\n<p>Flavien Neuvy<\/p>\n","protected":false},"excerpt":{"rendered":"<p>C&rsquo;est aujourd&rsquo;hui que s&rsquo;est tenu le dernier conseil des ministres avant les vacances d&rsquo;\u00e9t\u00e9. La reprise est pr\u00e9vue le 21 ao\u00fbt, puis suivront les traditionnelles universit\u00e9s d&rsquo;\u00e9t\u00e9 des formations politiques. Je souhaite revenir sur la r\u00e9vision constitutionnelle vot\u00e9e de justesse par le parlement fin juillet. C&rsquo;est une bonne nouvelle pour notre pays qui voit ainsi&nbsp;<\/p>\n<p><a class=\"btn btn-style\" href=\"https:\/\/flavienneuvy.fr\/index.php\/2008\/07\/28\/dernier-conseil\/\">Continuer la lecture&#8230;<\/a><\/p>\n","protected":false},"author":1,"featured_media":0,"comment_status":"open","ping_status":"open","sticky":false,"template":"","format":"standard","meta":[],"categories":[1],"tags":[],"_links":{"self":[{"href":"https:\/\/flavienneuvy.fr\/index.php\/wp-json\/wp\/v2\/posts\/1120"}],"collection":[{"href":"https:\/\/flavienneuvy.fr\/index.php\/wp-json\/wp\/v2\/posts"}],"about":[{"href":"https:\/\/flavienneuvy.fr\/index.php\/wp-json\/wp\/v2\/types\/post"}],"author":[{"embeddable":true,"href":"https:\/\/flavienneuvy.fr\/index.php\/wp-json\/wp\/v2\/users\/1"}],"replies":[{"embeddable":true,"href":"https:\/\/flavienneuvy.fr\/index.php\/wp-json\/wp\/v2\/comments?post=1120"}],"version-history":[{"count":0,"href":"https:\/\/flavienneuvy.fr\/index.php\/wp-json\/wp\/v2\/posts\/1120\/revisions"}],"wp:attachment":[{"href":"https:\/\/flavienneuvy.fr\/index.php\/wp-json\/wp\/v2\/media?parent=1120"}],"wp:term":[{"taxonomy":"category","embeddable":true,"href":"https:\/\/flavienneuvy.fr\/index.php\/wp-json\/wp\/v2\/categories?post=1120"},{"taxonomy":"post_tag","embeddable":true,"href":"https:\/\/flavienneuvy.fr\/index.php\/wp-json\/wp\/v2\/tags?post=1120"}],"curies":[{"name":"wp","href":"https:\/\/api.w.org\/{rel}","templated":true}]}}