{"id":1126,"date":"2008-07-02T20:24:31","date_gmt":"2008-07-02T19:24:31","guid":{"rendered":"http:\/\/flavienneuvy.fr\/index.php\/2008\/07\/02\/leurope\/"},"modified":"2008-07-02T20:24:31","modified_gmt":"2008-07-02T19:24:31","slug":"leurope","status":"publish","type":"post","link":"https:\/\/flavienneuvy.fr\/index.php\/2008\/07\/02\/leurope\/","title":{"rendered":"L&rsquo;Europe,"},"content":{"rendered":"<p>Voici donc mon premier texte sur ce site &quot;new look&quot; qui devient, depuis le lancement du nouveau site <a href=\"http:\/\/www.ensemblepourcebazat.fr\/\">www.ensemblepourcebazat.fr<\/a>, un blog personnel. <\/p>\n<p>Le premier sujet que j&rsquo;aborde concerne l&rsquo;Europe et la ratification du trait\u00e9 de Lisbonne. Tout le monde se souvient du NON fran\u00e7ais au trait\u00e9 constitutionnel et de sa principale cons\u00e9quence : affaiblissement de l&rsquo;union. Depuis, c&rsquo;est le trait\u00e9 de Nice qui reste en vigueur et chacun s&rsquo;accorde pour reconna\u00eetre qu&rsquo;avec ce trait\u00e9 et  avec 27 pays (c&rsquo;est beaucoup, peut-\u00eatre trop), l&rsquo;Europe fonctionne mal.<\/p>\n<p>Nicolas Sarkozy avait fait de la relance de l&rsquo;Europe une de ses priorit\u00e9s : il a tenu parole et a r\u00e9ussi \u00e0 mettre (presque) tout le monde d&rsquo;accord sur le &quot;mini&quot; trait\u00e9 qui permet \u00e0 l&rsquo;union europ\u00e9enne de repartir de l&rsquo;avant. La ratification de ce trait\u00e9 est en cours dans tous les pays concern\u00e9s. <\/p>\n<p>Depuis le NON irlandais du 12 juin dernier, le processus est gripp\u00e9 puisqu&rsquo;en th\u00e9orie ce refus irlandais fait tomber \u00e0 l&rsquo;eau tout le projet. Depuis, le Pr\u00e9sident polonais vient d&rsquo;indiquer que la ratification du trait\u00e9 par la Pologne n&rsquo;a plus de raison d&rsquo;\u00eatre depuis le NON irlandais&#8230;<\/p>\n<p>Alors que faut-il faire ? Faut-il faire revoter les Irlandais afin qu&rsquo;ils votent dans le sens attendu ? Faut-il c\u00e9der aux intimidations du Pr\u00e9sident polonais ?<\/p>\n<p>Faire revoter un peuple souverain qui s&rsquo;est exprim\u00e9 est une absurdit\u00e9. C\u00e9der face \u00e0 pr\u00e9sident qui renie sa signature pour des raisons de politique int\u00e9rieure est impensable. <\/p>\n<p>Je pense en r\u00e9alit\u00e9 qu&rsquo;il faut simplement tenir compte du rejet irlandais et de la frilosit\u00e9 polonaise. Si ces deux pays ne souhaitent pas continuer l&rsquo;aventure avec le reste de l&rsquo;Europe, c&rsquo;est leur probl\u00e8me. Laissons ces deux pays de c\u00f4t\u00e9 (apr\u00e8s tout, ce n&rsquo;est pas l&rsquo;Irlande avec ses 6 millions d&rsquo;habitants qui va bloquer un trait\u00e9 qui concerne 26 autres pays), et continuons sans eux. L&rsquo;Angleterre ne voulait pas de l&rsquo;\u20acuro ? Nous l&rsquo;avons fait sans elle.<\/p>\n<p>Une certitude : remettre l&rsquo;Europe en marche dans le contexte actuel (\u00e9conomique, g\u00e9o politique) est une priorit\u00e9 absolue m\u00eame si cela peut para\u00eetre loin des pr\u00e9occupations quotidiennes des Fran\u00e7ais.<\/p>\n<p>Flavien Neuvy <\/p>\n","protected":false},"excerpt":{"rendered":"<p>Voici donc mon premier texte sur ce site &quot;new look&quot; qui devient, depuis le lancement du nouveau site www.ensemblepourcebazat.fr, un blog personnel. Le premier sujet que j&rsquo;aborde concerne l&rsquo;Europe et la ratification du trait\u00e9 de Lisbonne. Tout le monde se souvient du NON fran\u00e7ais au trait\u00e9 constitutionnel et de sa principale cons\u00e9quence : affaiblissement de&nbsp;<\/p>\n<p><a class=\"btn btn-style\" href=\"https:\/\/flavienneuvy.fr\/index.php\/2008\/07\/02\/leurope\/\">Continuer la lecture&#8230;<\/a><\/p>\n","protected":false},"author":1,"featured_media":0,"comment_status":"open","ping_status":"open","sticky":false,"template":"","format":"standard","meta":[],"categories":[1],"tags":[],"_links":{"self":[{"href":"https:\/\/flavienneuvy.fr\/index.php\/wp-json\/wp\/v2\/posts\/1126"}],"collection":[{"href":"https:\/\/flavienneuvy.fr\/index.php\/wp-json\/wp\/v2\/posts"}],"about":[{"href":"https:\/\/flavienneuvy.fr\/index.php\/wp-json\/wp\/v2\/types\/post"}],"author":[{"embeddable":true,"href":"https:\/\/flavienneuvy.fr\/index.php\/wp-json\/wp\/v2\/users\/1"}],"replies":[{"embeddable":true,"href":"https:\/\/flavienneuvy.fr\/index.php\/wp-json\/wp\/v2\/comments?post=1126"}],"version-history":[{"count":0,"href":"https:\/\/flavienneuvy.fr\/index.php\/wp-json\/wp\/v2\/posts\/1126\/revisions"}],"wp:attachment":[{"href":"https:\/\/flavienneuvy.fr\/index.php\/wp-json\/wp\/v2\/media?parent=1126"}],"wp:term":[{"taxonomy":"category","embeddable":true,"href":"https:\/\/flavienneuvy.fr\/index.php\/wp-json\/wp\/v2\/categories?post=1126"},{"taxonomy":"post_tag","embeddable":true,"href":"https:\/\/flavienneuvy.fr\/index.php\/wp-json\/wp\/v2\/tags?post=1126"}],"curies":[{"name":"wp","href":"https:\/\/api.w.org\/{rel}","templated":true}]}}