{"id":1129,"date":"2008-06-24T22:22:02","date_gmt":"2008-06-24T21:22:02","guid":{"rendered":"http:\/\/flavienneuvy.fr\/index.php\/2008\/06\/24\/lincinrateur-di\/"},"modified":"2008-06-24T22:22:02","modified_gmt":"2008-06-24T21:22:02","slug":"lincinrateur-di","status":"publish","type":"post","link":"https:\/\/flavienneuvy.fr\/index.php\/2008\/06\/24\/lincinrateur-di\/","title":{"rendered":"L&rsquo;incin\u00e9rateur dispara\u00eet"},"content":{"rendered":"<p>La nouvelle est connue de tous depuis quelques jours : il n&rsquo;y aura pas d&rsquo;incin\u00e9rateur dans notre d\u00e9partement. Je m&rsquo;\u00e9tais exprim\u00e9 clairement sur ce sujet, et c&rsquo;est donc une bonne nouvelle. <\/p>\n<p>Deux \u00e9l\u00e9ments cependant \u00e0 prendre en compte :<\/p>\n<ul>\n<li>Le plus dur reste \u00e0 faire : am\u00e9liorer fortement le tri s\u00e9lectif et augmenter ainsi le recyclage des d\u00e9chets m\u00e9nagers. Le retard de la France est important dans ce domaine et le Puy-de-D\u00f4me est \u00e0 la tra\u00eene.<\/li>\n<li>La facture va \u00eatre sal\u00e9e pour l&rsquo;abandon du projet d&rsquo;incin\u00e9rateur. La soci\u00e9t\u00e9 Vern\u00e9a qui devait construire l&rsquo;incin\u00e9rateur va logiquement demander \u00e0 \u00eatre indemnis\u00e9e pour tous les frais engag\u00e9s jusqu&rsquo;\u00e0 pr\u00e9sent. Bruno Turrier, Directeur de Vern\u00e9a \u00e9value \u00e0 20 millions d&rsquo;euros le co\u00fbt total des \u00e9tudes r\u00e9alis\u00e9es. Le montant de l&rsquo;indemnisation sera certainement moins \u00e9lev\u00e9 que cela, mais il sera de toutes fa\u00e7ons de plusieurs millions d&rsquo;euros. Ce triste r\u00e9sultat est la cons\u00e9quence directe des mauvais choix effectu\u00e9s en mati\u00e8re de traitement des d\u00e9chets m\u00e9nagers par les \u00e9lus socialistes du d\u00e9partement. Il n&rsquo;y a pour le moment pas grand chose \u00e0 mettre \u00e0 leur actif : ils se battent pour le pouvoir au conseil g\u00e9n\u00e9ral, doublent les indemnit\u00e9s des Vice-pr\u00e9sidents de Clermont Co, et pour finir, l&rsquo;argent public va servir \u00e0 r\u00e9gler la note Vern\u00e9a&#8230;<\/li>\n<\/ul>\n<p>Flavien Neuvy<\/p>\n","protected":false},"excerpt":{"rendered":"<p>La nouvelle est connue de tous depuis quelques jours : il n&rsquo;y aura pas d&rsquo;incin\u00e9rateur dans notre d\u00e9partement. Je m&rsquo;\u00e9tais exprim\u00e9 clairement sur ce sujet, et c&rsquo;est donc une bonne nouvelle. Deux \u00e9l\u00e9ments cependant \u00e0 prendre en compte : Le plus dur reste \u00e0 faire : am\u00e9liorer fortement le tri s\u00e9lectif et augmenter ainsi le&nbsp;<\/p>\n<p><a class=\"btn btn-style\" href=\"https:\/\/flavienneuvy.fr\/index.php\/2008\/06\/24\/lincinrateur-di\/\">Continuer la lecture&#8230;<\/a><\/p>\n","protected":false},"author":1,"featured_media":0,"comment_status":"open","ping_status":"open","sticky":false,"template":"","format":"standard","meta":[],"categories":[1],"tags":[],"_links":{"self":[{"href":"https:\/\/flavienneuvy.fr\/index.php\/wp-json\/wp\/v2\/posts\/1129"}],"collection":[{"href":"https:\/\/flavienneuvy.fr\/index.php\/wp-json\/wp\/v2\/posts"}],"about":[{"href":"https:\/\/flavienneuvy.fr\/index.php\/wp-json\/wp\/v2\/types\/post"}],"author":[{"embeddable":true,"href":"https:\/\/flavienneuvy.fr\/index.php\/wp-json\/wp\/v2\/users\/1"}],"replies":[{"embeddable":true,"href":"https:\/\/flavienneuvy.fr\/index.php\/wp-json\/wp\/v2\/comments?post=1129"}],"version-history":[{"count":0,"href":"https:\/\/flavienneuvy.fr\/index.php\/wp-json\/wp\/v2\/posts\/1129\/revisions"}],"wp:attachment":[{"href":"https:\/\/flavienneuvy.fr\/index.php\/wp-json\/wp\/v2\/media?parent=1129"}],"wp:term":[{"taxonomy":"category","embeddable":true,"href":"https:\/\/flavienneuvy.fr\/index.php\/wp-json\/wp\/v2\/categories?post=1129"},{"taxonomy":"post_tag","embeddable":true,"href":"https:\/\/flavienneuvy.fr\/index.php\/wp-json\/wp\/v2\/tags?post=1129"}],"curies":[{"name":"wp","href":"https:\/\/api.w.org\/{rel}","templated":true}]}}