{"id":1133,"date":"2008-06-15T17:25:03","date_gmt":"2008-06-15T16:25:03","guid":{"rendered":"http:\/\/flavienneuvy.fr\/index.php\/2008\/06\/15\/principe-de-prc\/"},"modified":"2008-06-15T17:25:03","modified_gmt":"2008-06-15T16:25:03","slug":"principe-de-prc","status":"publish","type":"post","link":"https:\/\/flavienneuvy.fr\/index.php\/2008\/06\/15\/principe-de-prc\/","title":{"rendered":"Principe de pr\u00e9caution,"},"content":{"rendered":"<p>Des scientifiques emmen\u00e9s par David Servan-Schreiber, viennent de lancer un appel \u00e0 la prudence concernant l&rsquo;utilisation des t\u00e9l\u00e9phones portables. Cet outil que des millions de personnes utilisent tous les jours pr\u00e9sente des risques pour la sant\u00e9 qu&rsquo;il ne faut pas n\u00e9gliger.<\/p>\n<p>Ainsi, ils conseillent de ne pas permettre aux enfants de moins de 12 ans d&rsquo;utiliser un t\u00e9l\u00e9phone portable, de ne pas t\u00e9l\u00e9phoner trop longtemps, d&rsquo;utiliser une oreillette, de ne pas garder sur soi un t\u00e9l\u00e9phone allum\u00e9, de ne pas dormir avec un t\u00e9l\u00e9phone allum\u00e9 \u00e0 c\u00f4t\u00e9 de soi&#8230;<\/p>\n<p>A titre personnel, j&rsquo;applique le plus possible ces recommandations. Le risque est trop grand de se r\u00e9veiller un jour avec un drame sanitaire type amiante ou sang contamin\u00e9.<\/p>\n<p>Vous pouvez retrouver l&rsquo;int\u00e9gralit\u00e9 des conseils ici : <a href=\"http:\/\/www.guerir.fr\/magazine\/telephones-portables\/appel-precaution-utilisation-telephones-portables\">Les 10 conseils<\/a><\/p>\n<p>Flavien Neuvy<\/p>\n","protected":false},"excerpt":{"rendered":"<p>Des scientifiques emmen\u00e9s par David Servan-Schreiber, viennent de lancer un appel \u00e0 la prudence concernant l&rsquo;utilisation des t\u00e9l\u00e9phones portables. Cet outil que des millions de personnes utilisent tous les jours pr\u00e9sente des risques pour la sant\u00e9 qu&rsquo;il ne faut pas n\u00e9gliger. Ainsi, ils conseillent de ne pas permettre aux enfants de moins de 12 ans&nbsp;<\/p>\n<p><a class=\"btn btn-style\" href=\"https:\/\/flavienneuvy.fr\/index.php\/2008\/06\/15\/principe-de-prc\/\">Continuer la lecture&#8230;<\/a><\/p>\n","protected":false},"author":1,"featured_media":0,"comment_status":"open","ping_status":"open","sticky":false,"template":"","format":"standard","meta":[],"categories":[1],"tags":[],"_links":{"self":[{"href":"https:\/\/flavienneuvy.fr\/index.php\/wp-json\/wp\/v2\/posts\/1133"}],"collection":[{"href":"https:\/\/flavienneuvy.fr\/index.php\/wp-json\/wp\/v2\/posts"}],"about":[{"href":"https:\/\/flavienneuvy.fr\/index.php\/wp-json\/wp\/v2\/types\/post"}],"author":[{"embeddable":true,"href":"https:\/\/flavienneuvy.fr\/index.php\/wp-json\/wp\/v2\/users\/1"}],"replies":[{"embeddable":true,"href":"https:\/\/flavienneuvy.fr\/index.php\/wp-json\/wp\/v2\/comments?post=1133"}],"version-history":[{"count":0,"href":"https:\/\/flavienneuvy.fr\/index.php\/wp-json\/wp\/v2\/posts\/1133\/revisions"}],"wp:attachment":[{"href":"https:\/\/flavienneuvy.fr\/index.php\/wp-json\/wp\/v2\/media?parent=1133"}],"wp:term":[{"taxonomy":"category","embeddable":true,"href":"https:\/\/flavienneuvy.fr\/index.php\/wp-json\/wp\/v2\/categories?post=1133"},{"taxonomy":"post_tag","embeddable":true,"href":"https:\/\/flavienneuvy.fr\/index.php\/wp-json\/wp\/v2\/tags?post=1133"}],"curies":[{"name":"wp","href":"https:\/\/api.w.org\/{rel}","templated":true}]}}