{"id":1134,"date":"2008-06-11T21:34:44","date_gmt":"2008-06-11T20:34:44","guid":{"rendered":"http:\/\/flavienneuvy.fr\/index.php\/2008\/06\/11\/conseil-municip-3\/"},"modified":"2008-06-11T21:34:44","modified_gmt":"2008-06-11T20:34:44","slug":"conseil-municip-3","status":"publish","type":"post","link":"https:\/\/flavienneuvy.fr\/index.php\/2008\/06\/11\/conseil-municip-3\/","title":{"rendered":"Conseil municipal de C\u00e9bazat le 26 juin,"},"content":{"rendered":"<p>Nouveau conseil municipal le 26 juin prochain \u00e0 C\u00e9bazat. Pour l&rsquo;instant l&rsquo;ordre du jour ne nous a pas \u00e9t\u00e9 communiqu\u00e9. <\/p>\n<p>Je peux quand m\u00eame vous indiquer que le r\u00e8glement int\u00e9rieur sera \u00e9tudi\u00e9 \u00e0 cette occasion. Nous devrions recevoir ces jours-ci le projet de ce r\u00e8glement int\u00e9rieur. Il est important car c&rsquo;est lui qui fixe le cadre de fonctionnement de l&rsquo;assembl\u00e9e municipale. <\/p>\n<p>Par ailleurs, j&rsquo;ai \u00e9voqu\u00e9 avec le maire et M.Guittard la prise de parole de notre groupe dans le magazine municipal. Nous aurons 1\/4 de l&rsquo;espace consacr\u00e9 \u00e0 l&rsquo;expression des groupes politiques.<\/p>\n<p>Pour m\u00e9moire, le conseil municipal se d\u00e9roule en public et vous pouvez donc y assister sans m\u00eame avoir \u00e0 pr\u00e9venir.<\/p>\n<p>Flavien Neuvy&nbsp; <\/p>\n","protected":false},"excerpt":{"rendered":"<p>Nouveau conseil municipal le 26 juin prochain \u00e0 C\u00e9bazat. Pour l&rsquo;instant l&rsquo;ordre du jour ne nous a pas \u00e9t\u00e9 communiqu\u00e9. Je peux quand m\u00eame vous indiquer que le r\u00e8glement int\u00e9rieur sera \u00e9tudi\u00e9 \u00e0 cette occasion. Nous devrions recevoir ces jours-ci le projet de ce r\u00e8glement int\u00e9rieur. Il est important car c&rsquo;est lui qui fixe le&nbsp;<\/p>\n<p><a class=\"btn btn-style\" href=\"https:\/\/flavienneuvy.fr\/index.php\/2008\/06\/11\/conseil-municip-3\/\">Continuer la lecture&#8230;<\/a><\/p>\n","protected":false},"author":1,"featured_media":0,"comment_status":"open","ping_status":"open","sticky":false,"template":"","format":"standard","meta":[],"categories":[1],"tags":[],"_links":{"self":[{"href":"https:\/\/flavienneuvy.fr\/index.php\/wp-json\/wp\/v2\/posts\/1134"}],"collection":[{"href":"https:\/\/flavienneuvy.fr\/index.php\/wp-json\/wp\/v2\/posts"}],"about":[{"href":"https:\/\/flavienneuvy.fr\/index.php\/wp-json\/wp\/v2\/types\/post"}],"author":[{"embeddable":true,"href":"https:\/\/flavienneuvy.fr\/index.php\/wp-json\/wp\/v2\/users\/1"}],"replies":[{"embeddable":true,"href":"https:\/\/flavienneuvy.fr\/index.php\/wp-json\/wp\/v2\/comments?post=1134"}],"version-history":[{"count":0,"href":"https:\/\/flavienneuvy.fr\/index.php\/wp-json\/wp\/v2\/posts\/1134\/revisions"}],"wp:attachment":[{"href":"https:\/\/flavienneuvy.fr\/index.php\/wp-json\/wp\/v2\/media?parent=1134"}],"wp:term":[{"taxonomy":"category","embeddable":true,"href":"https:\/\/flavienneuvy.fr\/index.php\/wp-json\/wp\/v2\/categories?post=1134"},{"taxonomy":"post_tag","embeddable":true,"href":"https:\/\/flavienneuvy.fr\/index.php\/wp-json\/wp\/v2\/tags?post=1134"}],"curies":[{"name":"wp","href":"https:\/\/api.w.org\/{rel}","templated":true}]}}