{"id":1136,"date":"2008-05-31T13:53:42","date_gmt":"2008-05-31T12:53:42","guid":{"rendered":"http:\/\/flavienneuvy.fr\/index.php\/2008\/05\/31\/dominique-bonte\/"},"modified":"2008-05-31T13:53:42","modified_gmt":"2008-05-31T12:53:42","slug":"dominique-bonte","status":"publish","type":"post","link":"https:\/\/flavienneuvy.fr\/index.php\/2008\/05\/31\/dominique-bonte\/","title":{"rendered":"Dominique BONTEMPS &#8212; SCULPTURES"},"content":{"rendered":"<p class=\"MsoNormal\" align=\"center\" style=\"MARGIN: 0cm 0cm 0pt; TEXT-ALIGN: center\"><span face=\"Times New Roman\">Depuis le 29 mai la maison du parc Pierre Montgroux offre aux amateurs d\u2019art et aux simples visiteurs, le plaisir de voir des \u0153uvres du sculpteur Dominique BONTEMPS et du peintre BRAC.<\/span><\/p>\n<p class=\"MsoNormal\" align=\"center\" style=\"MARGIN: 0cm 0cm 0pt; TEXT-ALIGN: center\">\n<p class=\"MsoNormal\" align=\"center\" style=\"MARGIN: 0cm 0cm 0pt; TEXT-ALIGN: center\"><span face=\"Times New Roman\">Nous avons eu le plaisir d\u2019assister au vernissage de cette exposition.<\/span><\/p>\n<p class=\"MsoNormal\" align=\"center\" style=\"MARGIN: 0cm 0cm 0pt; TEXT-ALIGN: center\">\n<p class=\"MsoNormal\" align=\"center\" style=\"MARGIN: 0cm 0cm 0pt; TEXT-ALIGN: center\"><span face=\"Times New Roman\">Les univers de chacun des artistes se marient de belle fa\u00e7on.<\/span><\/p>\n<p class=\"MsoNormal\" align=\"center\" style=\"MARGIN: 0cm 0cm 0pt; TEXT-ALIGN: center\">\n<p class=\"MsoNormal\" align=\"center\" style=\"MARGIN: 0cm 0cm 0pt; TEXT-ALIGN: center\"><span face=\"Times New Roman\">L\u2019un nous offre le meilleur de la femme par des sculptures alliant la gr\u00e2ce du bois et le relief de la pierre de Volvic, l\u2019autre nous emm\u00e8ne en voyage en Afrique et en Asie, au travers de magnifiques toiles r\u00e9alis\u00e9es sur divers supports.<\/span><\/p>\n<p class=\"MsoNormal\" align=\"center\" style=\"MARGIN: 0cm 0cm 0pt; TEXT-ALIGN: center\">\n<p class=\"MsoNormal\" align=\"center\" style=\"MARGIN: 0cm 0cm 0pt; TEXT-ALIGN: center\"><span face=\"Times New Roman\">Vraiment, cette exposition m\u00e9rite qu\u2019on lui accorde un peu de temps.<\/span><\/p>\n<p class=\"MsoNormal\" align=\"center\" style=\"MARGIN: 0cm 0cm 0pt; TEXT-ALIGN: center\">\n<p class=\"MsoNormal\" align=\"center\" style=\"MARGIN: 0cm 0cm 0pt; TEXT-ALIGN: center\"><span face=\"Times New Roman\">Les photos qui accompagnent ce texte ont \u00e9t\u00e9 prises avec l\u2019aimable autorisation des deux artistes.<\/span><\/p>\n<p class=\"MsoNormal\" align=\"center\" style=\"MARGIN: 0cm 0cm 0pt; TEXT-ALIGN: center\">\n<p class=\"MsoNormal\" align=\"center\" style=\"MARGIN: 0cm 0cm 0pt; TEXT-ALIGN: center\"><strong><span style=\"FONT-SIZE: 14pt\"><span face=\"Times New Roman\">Dominique BONTEMPS &#8212; SCULPTURES<\/span><\/span><\/strong><\/p>\n<p class=\"MsoNormal\" align=\"center\" style=\"MARGIN: 0cm 0cm 0pt; TEXT-ALIGN: center\"><strong><span style=\"FONT-SIZE: 14pt\"><span face=\"Times New Roman\">BRAC\u2014PEINTURES<\/span><\/span><\/strong><\/p>\n<p class=\"MsoNormal\" align=\"center\" style=\"MARGIN: 0cm 0cm 0pt; TEXT-ALIGN: center\"><strong><\/p>\n<p class=\"MsoNormal\" align=\"center\" style=\"MARGIN: 0cm 0cm 0pt; TEXT-ALIGN: center\"><span style=\"FONT-SIZE: 14pt\"><\/span><\/p>\n<p><\/strong><\/p>\n<p class=\"MsoNormal\" align=\"center\" style=\"MARGIN: 0cm 0cm 0pt; TEXT-ALIGN: center\"><strong><span style=\"FONT-SIZE: 14pt\"><span face=\"Times New Roman\">Cette expo est visible du 30 mai au 15 juin de 15h00 \u00e0 18h00<\/span><\/span><\/strong><\/p>\n<p class=\"MsoNormal\" align=\"center\" style=\"MARGIN: 0cm 0cm 0pt; TEXT-ALIGN: center\"><strong><span style=\"FONT-SIZE: 14pt\"><span face=\"Times New Roman\">Maison du parc Pierre Montgroux<\/span><\/span><\/strong><\/p>\n<p class=\"MsoNormal\" align=\"center\" style=\"MARGIN: 0cm 0cm 0pt; TEXT-ALIGN: center\">\n<p class=\"MsoNormal\" align=\"center\" style=\"MARGIN: 0cm 0cm 0pt; TEXT-ALIGN: center\"><strong><span face=\"Times New Roman\">Les artistes sont pr\u00e9sents les samedis et dimanches.<\/span><\/strong><\/p>\n<p class=\"MsoNormal\" align=\"center\" style=\"MARGIN: 0cm 0cm 0pt; TEXT-ALIGN: center\">\n<p class=\"MsoNormal\" align=\"center\" style=\"MARGIN: 0cm 0cm 0pt; TEXT-ALIGN: center\"><span face=\"Times New Roman\">Bonne visite.<\/span><\/p>\n<p class=\"MsoNormal\" align=\"center\" style=\"MARGIN: 0cm 0cm 0pt; TEXT-ALIGN: center\">\n<p class=\"MsoNormal\" align=\"center\" style=\"MARGIN: 0cm 0cm 0pt; TEXT-ALIGN: center\"><span face=\"Times New Roman\">T.OLIVAIN<a onclick=\"window.open(this.href, '_blank', 'width=800,height=533,scrollbars=no,resizable=no,toolbar=no,directories=no,location=no,menubar=no,status=no,left=0,top=0'); return false\" href=\"http:\/\/cebazatpourdemain.neufblog.com\/.shared\/image.html?\/photos\/uncategorized\/2008\/05\/29\/exposculpture.jpg\"><img decoding=\"async\" loading=\"lazy\" title=\"Exposculpture\" height=\"166\" alt=\"Exposculpture\" src=\"http:\/\/cebazatpourdemain.neufblog.com\/cebazatpourdemain\/images\/2008\/05\/29\/exposculpture.jpg\" width=\"250\" border=\"0\" \/><\/a> <\/span><\/p>\n","protected":false},"excerpt":{"rendered":"<p>Depuis le 29 mai la maison du parc Pierre Montgroux offre aux amateurs d\u2019art et aux simples visiteurs, le plaisir de voir des \u0153uvres du sculpteur Dominique BONTEMPS et du peintre BRAC. Nous avons eu le plaisir d\u2019assister au vernissage de cette exposition. Les univers de chacun des artistes se marient de belle fa\u00e7on. L\u2019un&nbsp;<\/p>\n<p><a class=\"btn btn-style\" href=\"https:\/\/flavienneuvy.fr\/index.php\/2008\/05\/31\/dominique-bonte\/\">Continuer la lecture&#8230;<\/a><\/p>\n","protected":false},"author":1,"featured_media":0,"comment_status":"open","ping_status":"open","sticky":false,"template":"","format":"standard","meta":[],"categories":[1],"tags":[],"_links":{"self":[{"href":"https:\/\/flavienneuvy.fr\/index.php\/wp-json\/wp\/v2\/posts\/1136"}],"collection":[{"href":"https:\/\/flavienneuvy.fr\/index.php\/wp-json\/wp\/v2\/posts"}],"about":[{"href":"https:\/\/flavienneuvy.fr\/index.php\/wp-json\/wp\/v2\/types\/post"}],"author":[{"embeddable":true,"href":"https:\/\/flavienneuvy.fr\/index.php\/wp-json\/wp\/v2\/users\/1"}],"replies":[{"embeddable":true,"href":"https:\/\/flavienneuvy.fr\/index.php\/wp-json\/wp\/v2\/comments?post=1136"}],"version-history":[{"count":0,"href":"https:\/\/flavienneuvy.fr\/index.php\/wp-json\/wp\/v2\/posts\/1136\/revisions"}],"wp:attachment":[{"href":"https:\/\/flavienneuvy.fr\/index.php\/wp-json\/wp\/v2\/media?parent=1136"}],"wp:term":[{"taxonomy":"category","embeddable":true,"href":"https:\/\/flavienneuvy.fr\/index.php\/wp-json\/wp\/v2\/categories?post=1136"},{"taxonomy":"post_tag","embeddable":true,"href":"https:\/\/flavienneuvy.fr\/index.php\/wp-json\/wp\/v2\/tags?post=1136"}],"curies":[{"name":"wp","href":"https:\/\/api.w.org\/{rel}","templated":true}]}}