{"id":1139,"date":"2008-05-26T21:18:05","date_gmt":"2008-05-26T20:18:05","guid":{"rendered":"http:\/\/flavienneuvy.fr\/index.php\/2008\/05\/26\/que-les-libraux\/"},"modified":"2008-05-26T21:18:05","modified_gmt":"2008-05-26T20:18:05","slug":"que-les-libraux","status":"publish","type":"post","link":"https:\/\/flavienneuvy.fr\/index.php\/2008\/05\/26\/que-les-libraux\/","title":{"rendered":"Que les lib\u00e9raux l\u00e8vent la main, droite ou gauche, peu importe !"},"content":{"rendered":"<p><span style=\"COLOR: black; FONT-FAMILY: &quot;Trebuchet MS&quot;\">Quelle dr\u00f4le d&rsquo;histoire&#8230;La lutte pour la prise du PS est lanc\u00e9e et chacun y va de son effet d&rsquo;annonce avec pour objectif majeur d&rsquo;occuper la sc\u00e8ne m\u00e9diatique. Les candidats sont nombreux : P Moscovici, J Dray, S Royal, B Delan\u00f6e et Jack Lang depuis aujourd&rsquo;hui <a href=\"http:\/\/www.lefigaro.fr\/politique\/2008\/05\/26\/01002-20080526ARTFIG00669-direction-du-ps-jack-langn-exclut-pas-d-etre-candidat.php\"><span style=\"color: #800080;\">(lire ici)<\/span><\/a>. Sans compter les autres candidats en embuscade (M Aubry, M Vals&#8230;).<\/span><\/p>\n<p><span style=\"COLOR: black; FONT-FAMILY: &quot;Trebuchet MS&quot;\">Il faut dire que les choses vont aller tr\u00e8s vite : il reste aux diff\u00e9rents candidats 3 ans maximum pour s&rsquo;imposer comme candidat naturel \u00e0 l&rsquo;\u00e9lection pr\u00e9sidentielle de 2012. 3 ans puisqu&rsquo;en 2011 nous serons \u00e0 1 du scrutin, cela veut donc dire que la campagne sera lanc\u00e9e. La prise de l&rsquo;appareil est hautement strat\u00e9gique dans cette optique.<\/span><\/p>\n<p><span style=\"COLOR: black; FONT-FAMILY: &quot;Trebuchet MS&quot;\">La surprise est venue de Bertrand Delan\u00f6e qui, dans son dernier livre, affirme haut et fort qu&rsquo;il est <strong><u><span style=\"FONT-FAMILY: &quot;Trebuchet MS&quot;\">lib\u00e9ral et socialiste<\/span><\/u><\/strong>. Cette affirmation, je vous l&rsquo;avoue, me surprend. Elle ne me surprend pas sur le fond : Bertrand Delan\u00f6e peut tr\u00e8s bien avoir des id\u00e9es lib\u00e9rales. Elle me surprend parce qu&rsquo;il faut du courage pour assumer son lib\u00e9ralisme en France tant cette notion est galvaud\u00e9e. Le lib\u00e9ralisme \u00e9tait le bouc \u00e9missaire id\u00e9al pour porter tous les maux de notre soci\u00e9t\u00e9. Au besoin, il suffisait d&rsquo;ajouter l&rsquo;adjectif &quot;ultra&quot; devant pour le rendre encore plus m\u00e9chant et donc encore plus coupable.<\/span><\/p>\n<p><span style=\"COLOR: black; FONT-FAMILY: &quot;Trebuchet MS&quot;\">C&rsquo;\u00e9tait d&rsquo;autant plus facile que la d\u00e9finition exacte du lib\u00e9ralisme est mal connue. Chacun pourra aller se forger son opinion en allant lire quelques auteurs c\u00e9l\u00e8bres (Tocqueville, Hayek, Smith et les autres).<\/span><\/p>\n<p><span style=\"COLOR: black; FONT-FAMILY: &quot;Trebuchet MS&quot;\">Pour finir, voici les deux mots qui sont \u00e0 la base du lib\u00e9ralisme, et ils sont indissociables l&rsquo;un de l&rsquo;autre, libert\u00e9 et responsabilit\u00e9. Je suis libre de mes actes et je suis responsable des cons\u00e9quences de mes actes.<\/span><\/p>\n<p><span style=\"COLOR: black; FONT-FAMILY: &quot;Trebuchet MS&quot;\">Flavien Neuvy <\/span><\/p>\n<p class=\"MsoNormal\" style=\"MARGIN: 0cm 0cm 0pt\">\n","protected":false},"excerpt":{"rendered":"<p>Quelle dr\u00f4le d&rsquo;histoire&#8230;La lutte pour la prise du PS est lanc\u00e9e et chacun y va de son effet d&rsquo;annonce avec pour objectif majeur d&rsquo;occuper la sc\u00e8ne m\u00e9diatique. Les candidats sont nombreux : P Moscovici, J Dray, S Royal, B Delan\u00f6e et Jack Lang depuis aujourd&rsquo;hui (lire ici). Sans compter les autres candidats en embuscade (M&nbsp;<\/p>\n<p><a class=\"btn btn-style\" href=\"https:\/\/flavienneuvy.fr\/index.php\/2008\/05\/26\/que-les-libraux\/\">Continuer la lecture&#8230;<\/a><\/p>\n","protected":false},"author":1,"featured_media":0,"comment_status":"open","ping_status":"open","sticky":false,"template":"","format":"standard","meta":[],"categories":[1],"tags":[],"_links":{"self":[{"href":"https:\/\/flavienneuvy.fr\/index.php\/wp-json\/wp\/v2\/posts\/1139"}],"collection":[{"href":"https:\/\/flavienneuvy.fr\/index.php\/wp-json\/wp\/v2\/posts"}],"about":[{"href":"https:\/\/flavienneuvy.fr\/index.php\/wp-json\/wp\/v2\/types\/post"}],"author":[{"embeddable":true,"href":"https:\/\/flavienneuvy.fr\/index.php\/wp-json\/wp\/v2\/users\/1"}],"replies":[{"embeddable":true,"href":"https:\/\/flavienneuvy.fr\/index.php\/wp-json\/wp\/v2\/comments?post=1139"}],"version-history":[{"count":0,"href":"https:\/\/flavienneuvy.fr\/index.php\/wp-json\/wp\/v2\/posts\/1139\/revisions"}],"wp:attachment":[{"href":"https:\/\/flavienneuvy.fr\/index.php\/wp-json\/wp\/v2\/media?parent=1139"}],"wp:term":[{"taxonomy":"category","embeddable":true,"href":"https:\/\/flavienneuvy.fr\/index.php\/wp-json\/wp\/v2\/categories?post=1139"},{"taxonomy":"post_tag","embeddable":true,"href":"https:\/\/flavienneuvy.fr\/index.php\/wp-json\/wp\/v2\/tags?post=1139"}],"curies":[{"name":"wp","href":"https:\/\/api.w.org\/{rel}","templated":true}]}}