{"id":1143,"date":"2008-05-12T21:02:51","date_gmt":"2008-05-12T20:02:51","guid":{"rendered":"http:\/\/flavienneuvy.fr\/index.php\/2008\/05\/12\/premier-inciden\/"},"modified":"2008-05-12T21:02:51","modified_gmt":"2008-05-12T20:02:51","slug":"premier-inciden","status":"publish","type":"post","link":"https:\/\/flavienneuvy.fr\/index.php\/2008\/05\/12\/premier-inciden\/","title":{"rendered":"Premier incident de la mandature \u00e0 C\u00e9bazat"},"content":{"rendered":"<p> Les C\u00e9bazaires ont re\u00e7u le dernier num\u00e9ro du magazine de la ville. Celui-ci est post\u00e9rieur \u00e0 l&rsquo;\u00e9lection municipale du 9 mars dernier et nous aurions d\u00fb, comme le pr\u00e9voit le code g\u00e9n\u00e9ral des collectivit\u00e9s territoriales, avoir un espace de parole.<\/p>\n<p>La d\u00e9cision prise, \u00e0 savoir celle de ne pas nous laisser prendre la parole, est profond\u00e9ment choquante. Elle l&rsquo;est d&rsquo;autant plus que, dans ce m\u00eame num\u00e9ro, la maire revient sur les r\u00e9sultats des \u00e9lections. C&rsquo;est un manque de respect \u00e9vident vis \u00e0 vis des 1273 C\u00e9bazaires qui ont vot\u00e9 pour nous et qui sont ainsi priv\u00e9s de parole.<\/p>\n<p>Nous avons donc envoy\u00e9 une lettre au maire afin d&rsquo;obtenir des explications. Cette lettre reste est sans r\u00e9ponse pour le moment.<\/p>\n<p>Nous nous r\u00e9servons la possibilit\u00e9 de faire un recours devant le tribunal administratif.<\/p>\n<p><a href=\"http:\/\/cebazatpourdemain.neufblog.com\/cebazatpourdemain\/files\/cbazat_le_30_avril_2008.pdf\">T\u00e9l\u00e9chargement c\u00e9bazat_le_30_avril_2008.pdf<\/a><\/p>\n<p>Le groupe d&rsquo;opposition municipale<\/p>\n","protected":false},"excerpt":{"rendered":"<p>Les C\u00e9bazaires ont re\u00e7u le dernier num\u00e9ro du magazine de la ville. Celui-ci est post\u00e9rieur \u00e0 l&rsquo;\u00e9lection municipale du 9 mars dernier et nous aurions d\u00fb, comme le pr\u00e9voit le code g\u00e9n\u00e9ral des collectivit\u00e9s territoriales, avoir un espace de parole. La d\u00e9cision prise, \u00e0 savoir celle de ne pas nous laisser prendre la parole, est&nbsp;<\/p>\n<p><a class=\"btn btn-style\" href=\"https:\/\/flavienneuvy.fr\/index.php\/2008\/05\/12\/premier-inciden\/\">Continuer la lecture&#8230;<\/a><\/p>\n","protected":false},"author":1,"featured_media":0,"comment_status":"open","ping_status":"open","sticky":false,"template":"","format":"standard","meta":[],"categories":[1],"tags":[],"_links":{"self":[{"href":"https:\/\/flavienneuvy.fr\/index.php\/wp-json\/wp\/v2\/posts\/1143"}],"collection":[{"href":"https:\/\/flavienneuvy.fr\/index.php\/wp-json\/wp\/v2\/posts"}],"about":[{"href":"https:\/\/flavienneuvy.fr\/index.php\/wp-json\/wp\/v2\/types\/post"}],"author":[{"embeddable":true,"href":"https:\/\/flavienneuvy.fr\/index.php\/wp-json\/wp\/v2\/users\/1"}],"replies":[{"embeddable":true,"href":"https:\/\/flavienneuvy.fr\/index.php\/wp-json\/wp\/v2\/comments?post=1143"}],"version-history":[{"count":0,"href":"https:\/\/flavienneuvy.fr\/index.php\/wp-json\/wp\/v2\/posts\/1143\/revisions"}],"wp:attachment":[{"href":"https:\/\/flavienneuvy.fr\/index.php\/wp-json\/wp\/v2\/media?parent=1143"}],"wp:term":[{"taxonomy":"category","embeddable":true,"href":"https:\/\/flavienneuvy.fr\/index.php\/wp-json\/wp\/v2\/categories?post=1143"},{"taxonomy":"post_tag","embeddable":true,"href":"https:\/\/flavienneuvy.fr\/index.php\/wp-json\/wp\/v2\/tags?post=1143"}],"curies":[{"name":"wp","href":"https:\/\/api.w.org\/{rel}","templated":true}]}}