{"id":1156,"date":"2008-03-22T09:59:00","date_gmt":"2008-03-22T08:59:00","guid":{"rendered":"http:\/\/flavienneuvy.fr\/index.php\/2008\/03\/22\/le-ps-puydmois\/"},"modified":"2008-03-22T09:59:00","modified_gmt":"2008-03-22T08:59:00","slug":"le-ps-puydmois","status":"publish","type":"post","link":"https:\/\/flavienneuvy.fr\/index.php\/2008\/03\/22\/le-ps-puydmois\/","title":{"rendered":"Le PS puyd\u00f4mois en crise,"},"content":{"rendered":"<p><span style=\"font-size: 1.2em;\">Beau spectacle offert par le PS puyd\u00f4mois \u00e0 l&rsquo;occasion de l&rsquo;\u00e9lection du pr\u00e9sident du conseil g\u00e9n\u00e9ral&#8230;En effet, les statuts du parti pr\u00e9voient que le candidat PS soit d\u00e9sign\u00e9 par les adh\u00e9rents du PS. Or les adh\u00e9rents ont d\u00e9sign\u00e9 Mich\u00e8le Andr\u00e9 face \u00e0 JY Gouttebel. Mais ce dernier n&rsquo;avait pas envie, mais alors pas du tout envie de laisser sa place. Du coup il s&rsquo;est pr\u00e9sent\u00e9 en d\u00e9pit des nombreux rappels \u00e0 l&rsquo;ordre venus des plus hautes instances du PS et&#8230;il a \u00e9t\u00e9 \u00e9lu pr\u00e9sident du conseil g\u00e9n\u00e9ral. <\/span><\/p>\n<p><span style=\"font-size: 1.2em;\">Ce coup de force provoque une crise profonde qui laissera des traces au sein du PS puyd\u00f4mois. &quot;Le d\u00e9partement vient de basculer \u00e0 droite&quot;, ce n&rsquo;est pas moi qui le dit mais le secr\u00e9taire f\u00e9d\u00e9ral du PS63 Pierre Sabatier ! Enorme. Dans cette histoire, Bernard Auby perd son fauteuil de Vice Pr\u00e9sident du conseil g\u00e9n\u00e9ral.<\/span><\/p>\n<p><span style=\"font-size: 1.2em;\">Apr\u00e8s les aventures de Serge Godard et de son premier adjoint vir\u00e9 au mois de juillet dernier, le PS local nous prouve une fois de plus qu&rsquo;il est grand temps qu&rsquo;il y ait une alternance au conseil g\u00e9n\u00e9ral et dans les diff\u00e9rentes communes de l&rsquo;agglom\u00e9ration.<\/span><\/p>\n<p><span style=\"font-size: 1.2em;\">Flavien Neuvy<\/span><\/p>\n","protected":false},"excerpt":{"rendered":"<p>Beau spectacle offert par le PS puyd\u00f4mois \u00e0 l&rsquo;occasion de l&rsquo;\u00e9lection du pr\u00e9sident du conseil g\u00e9n\u00e9ral&#8230;En effet, les statuts du parti pr\u00e9voient que le candidat PS soit d\u00e9sign\u00e9 par les adh\u00e9rents du PS. Or les adh\u00e9rents ont d\u00e9sign\u00e9 Mich\u00e8le Andr\u00e9 face \u00e0 JY Gouttebel. Mais ce dernier n&rsquo;avait pas envie, mais alors pas du tout&nbsp;<\/p>\n<p><a class=\"btn btn-style\" href=\"https:\/\/flavienneuvy.fr\/index.php\/2008\/03\/22\/le-ps-puydmois\/\">Continuer la lecture&#8230;<\/a><\/p>\n","protected":false},"author":1,"featured_media":0,"comment_status":"open","ping_status":"open","sticky":false,"template":"","format":"standard","meta":[],"categories":[1],"tags":[],"_links":{"self":[{"href":"https:\/\/flavienneuvy.fr\/index.php\/wp-json\/wp\/v2\/posts\/1156"}],"collection":[{"href":"https:\/\/flavienneuvy.fr\/index.php\/wp-json\/wp\/v2\/posts"}],"about":[{"href":"https:\/\/flavienneuvy.fr\/index.php\/wp-json\/wp\/v2\/types\/post"}],"author":[{"embeddable":true,"href":"https:\/\/flavienneuvy.fr\/index.php\/wp-json\/wp\/v2\/users\/1"}],"replies":[{"embeddable":true,"href":"https:\/\/flavienneuvy.fr\/index.php\/wp-json\/wp\/v2\/comments?post=1156"}],"version-history":[{"count":0,"href":"https:\/\/flavienneuvy.fr\/index.php\/wp-json\/wp\/v2\/posts\/1156\/revisions"}],"wp:attachment":[{"href":"https:\/\/flavienneuvy.fr\/index.php\/wp-json\/wp\/v2\/media?parent=1156"}],"wp:term":[{"taxonomy":"category","embeddable":true,"href":"https:\/\/flavienneuvy.fr\/index.php\/wp-json\/wp\/v2\/categories?post=1156"},{"taxonomy":"post_tag","embeddable":true,"href":"https:\/\/flavienneuvy.fr\/index.php\/wp-json\/wp\/v2\/tags?post=1156"}],"curies":[{"name":"wp","href":"https:\/\/api.w.org\/{rel}","templated":true}]}}