{"id":1157,"date":"2008-03-19T22:38:09","date_gmt":"2008-03-19T21:38:09","guid":{"rendered":"http:\/\/flavienneuvy.fr\/index.php\/2008\/03\/19\/le-gouvernement\/"},"modified":"2008-03-19T22:38:09","modified_gmt":"2008-03-19T21:38:09","slug":"le-gouvernement","status":"publish","type":"post","link":"https:\/\/flavienneuvy.fr\/index.php\/2008\/03\/19\/le-gouvernement\/","title":{"rendered":"Le gouvernement nouveau est arriv\u00e9,"},"content":{"rendered":"<p><span style=\"font-size: 1.2em;\">En r\u00e9alit\u00e9 il n&rsquo;y a pas beaucoup de changement dans ce nouveau gouvernement, mais je regrette le nombre trop important de ministres et de secr\u00e9taires d&rsquo;Etat.<\/span><\/p>\n<p><span style=\"font-size: 1.2em;\">Ce qui compte par dessus tout c&rsquo;est que le gouvernement poursuive le travail pour lequel il a \u00e9t\u00e9 nomm\u00e9. Le pr\u00e9sident de la r\u00e9publique doit changer sa &quot;fa\u00e7on d&rsquo;\u00eatre&quot; mais doit continuer \u00e0 mettre en oeuvre le programme pour lequel il a \u00e9t\u00e9 \u00e9lu. <\/span><\/p>\n<p><span style=\"font-size: 1.2em;\">Les r\u00e9sultats commencent \u00e0 \u00eatre visibles en d\u00e9pit d&rsquo;un contexte \u00e9conomique mondial incertain. Le taux de ch\u00f4mage est au plus bas depuis plusieurs d\u00e9cennies. D&rsquo;ailleurs un autre signe vient conforter ce recul du ch\u00f4mage : en 2007, le nombre de b\u00e9n\u00e9ficiaires du RMI a baiss\u00e9 de plus de 8%. <\/span><\/p>\n<p><span style=\"font-size: 1.2em;\">Flavien Neuvy<\/span><\/p>\n","protected":false},"excerpt":{"rendered":"<p>En r\u00e9alit\u00e9 il n&rsquo;y a pas beaucoup de changement dans ce nouveau gouvernement, mais je regrette le nombre trop important de ministres et de secr\u00e9taires d&rsquo;Etat. Ce qui compte par dessus tout c&rsquo;est que le gouvernement poursuive le travail pour lequel il a \u00e9t\u00e9 nomm\u00e9. Le pr\u00e9sident de la r\u00e9publique doit changer sa &quot;fa\u00e7on d&rsquo;\u00eatre&quot;&nbsp;<\/p>\n<p><a class=\"btn btn-style\" href=\"https:\/\/flavienneuvy.fr\/index.php\/2008\/03\/19\/le-gouvernement\/\">Continuer la lecture&#8230;<\/a><\/p>\n","protected":false},"author":1,"featured_media":0,"comment_status":"open","ping_status":"open","sticky":false,"template":"","format":"standard","meta":[],"categories":[1],"tags":[],"_links":{"self":[{"href":"https:\/\/flavienneuvy.fr\/index.php\/wp-json\/wp\/v2\/posts\/1157"}],"collection":[{"href":"https:\/\/flavienneuvy.fr\/index.php\/wp-json\/wp\/v2\/posts"}],"about":[{"href":"https:\/\/flavienneuvy.fr\/index.php\/wp-json\/wp\/v2\/types\/post"}],"author":[{"embeddable":true,"href":"https:\/\/flavienneuvy.fr\/index.php\/wp-json\/wp\/v2\/users\/1"}],"replies":[{"embeddable":true,"href":"https:\/\/flavienneuvy.fr\/index.php\/wp-json\/wp\/v2\/comments?post=1157"}],"version-history":[{"count":0,"href":"https:\/\/flavienneuvy.fr\/index.php\/wp-json\/wp\/v2\/posts\/1157\/revisions"}],"wp:attachment":[{"href":"https:\/\/flavienneuvy.fr\/index.php\/wp-json\/wp\/v2\/media?parent=1157"}],"wp:term":[{"taxonomy":"category","embeddable":true,"href":"https:\/\/flavienneuvy.fr\/index.php\/wp-json\/wp\/v2\/categories?post=1157"},{"taxonomy":"post_tag","embeddable":true,"href":"https:\/\/flavienneuvy.fr\/index.php\/wp-json\/wp\/v2\/tags?post=1157"}],"curies":[{"name":"wp","href":"https:\/\/api.w.org\/{rel}","templated":true}]}}