{"id":1158,"date":"2008-03-17T21:44:29","date_gmt":"2008-03-17T20:44:29","guid":{"rendered":"http:\/\/flavienneuvy.fr\/index.php\/2008\/03\/17\/dfaite-de-la-dr\/"},"modified":"2008-03-17T21:44:29","modified_gmt":"2008-03-17T20:44:29","slug":"dfaite-de-la-dr","status":"publish","type":"post","link":"https:\/\/flavienneuvy.fr\/index.php\/2008\/03\/17\/dfaite-de-la-dr\/","title":{"rendered":"D\u00e9faite de la droite,"},"content":{"rendered":"<p><span style=\"font-size: 1.2em;\">Les r\u00e9sultats sont sans appel : nette victoire de la gauche, recul de la droite. De nombreuses grandes villes basculent, de nombreux d\u00e9partements \u00e9galement. Du coup, la gauche se retrouve aux commandes de tr\u00e8s nombreuses collectivit\u00e9s territoriales. En effet, presque toutes les r\u00e9gions sont \u00e0 gauche (20 sur 22), 9 d\u00e9partements de plus basculent \u00e0 gauche et la quasi totalit\u00e9 des grandes villes sont tenues par des socialistes.<\/span><\/p>\n<p><span style=\"font-size: 1.2em;\">Apr\u00e8s une d\u00e9faite aussi claire, il faut faire preuve de lucidit\u00e9 et d&rsquo;ambition.<\/span><\/p>\n<p><strong><u><span style=\"font-size: 1.2em;\">La lucidit\u00e9 d&rsquo;abord. <\/span><\/u><\/strong><\/p>\n<p><span style=\"font-size: 1.2em;\">Il faut reconna\u00eetre que le contexte national n&rsquo;a pas aid\u00e9. Il n&rsquo;explique pas tout loin de l\u00e0. Sinon, comment expliquer les victoires de nombre de ministres en fonction ? <\/span><\/p>\n<p><span style=\"font-size: 1.2em;\">La lucidit\u00e9, toujours, m&rsquo;oblige \u00e0 dire que des \u00e9lections locales qui interviennent moins d&rsquo;un an apr\u00e8s les pr\u00e9sidentielles sont forc\u00e9ment tr\u00e8s difficiles pour le pouvoir en place.<\/span><\/p>\n<p><span style=\"font-size: 1.2em;\">La lucidit\u00e9 encore qui m&rsquo;oblige \u00e0 reconna\u00eetre que ma famille politique a du pain sur la planche pour \u00eatre efficace sur le plan local. <\/span><\/p>\n<p><span style=\"font-size: 1.2em;\"><u><strong>L&rsquo;ambition ensuite.<\/strong><\/u> <\/span><\/p>\n<p><span style=\"font-size: 1.2em;\">D&rsquo;abord sur le plan national : le pr\u00e9sident de la r\u00e9publique a un mandat clair, bas\u00e9 sur un programme ambitieux et il a \u00e9t\u00e9 \u00e9lu pour 5 ans, il en reste 4 pour accomplir le travail. <\/span><\/p>\n<p><span style=\"font-size: 1.2em;\">Sur le plan local, je suis convaincu que nous devons nous remettre en question, collectivement. Le Puy de D\u00f4me est \u00e0 gauche, me dit-on. Difficile de dire le contraire quand on regarde les r\u00e9sultats enregistr\u00e9s depuis des d\u00e9cennies. Pourtant il n&rsquo;y a aucune fatalit\u00e9. Il y a juste du travail, beaucoup de travail \u00e0 accomplir pour inverser la tendance. Pour accomplir ce travail, la jeune g\u00e9n\u00e9ration doit se montrer, exister, agir et faire bouger les lignes. Le mauvais r\u00e9sultat obtenu par la droite au niveau national met un peu plus en relief notre r\u00e9sultat \u00e0 c\u00e9bazat : plus qu&rsquo;encourageant.<\/span><\/p>\n<p><span style=\"font-size: 1.2em;\">En attendant, le premier conseil municipal a eu lieu samedi avec l&rsquo;\u00e9lection sans surprise de Monsieur Auby comme maire de C\u00e9bazat. Le groupe d&rsquo;opposition est donc en place. Nous sommes donc au travail, vous pouvez compter sur nous.<\/span><\/p>\n<p><span style=\"font-size: 1.2em;\">Flavien Neuvy <\/span><\/p>\n<p><a onclick=\"window.open(this.href, '_blank', 'width=640,height=480,scrollbars=no,resizable=no,toolbar=no,directories=no,location=no,menubar=no,status=no,left=0,top=0'); return false\" href=\"http:\/\/cebazatpourdemain.neufblog.com\/.shared\/image.html?\/photos\/uncategorized\/2008\/03\/17\/p1000080.jpg\"><img decoding=\"async\" loading=\"lazy\" title=\"P1000080\" height=\"225\" alt=\"P1000080\" src=\"http:\/\/cebazatpourdemain.neufblog.com\/cebazatpourdemain\/images\/2008\/03\/17\/p1000080.jpg\" width=\"300\" border=\"0\" style=\"FLOAT: left; MARGIN: 0px 5px 5px 0px\" \/><\/a> De gauche \u00e0 droite : Maurice Ol\u00e9on, Jocelyne Chalus, Flavien Neuvy, Jeannine Farachat, Thierry Olivain.<\/p>\n","protected":false},"excerpt":{"rendered":"<p>Les r\u00e9sultats sont sans appel : nette victoire de la gauche, recul de la droite. De nombreuses grandes villes basculent, de nombreux d\u00e9partements \u00e9galement. Du coup, la gauche se retrouve aux commandes de tr\u00e8s nombreuses collectivit\u00e9s territoriales. En effet, presque toutes les r\u00e9gions sont \u00e0 gauche (20 sur 22), 9 d\u00e9partements de plus basculent \u00e0&nbsp;<\/p>\n<p><a class=\"btn btn-style\" href=\"https:\/\/flavienneuvy.fr\/index.php\/2008\/03\/17\/dfaite-de-la-dr\/\">Continuer la lecture&#8230;<\/a><\/p>\n","protected":false},"author":1,"featured_media":0,"comment_status":"open","ping_status":"open","sticky":false,"template":"","format":"standard","meta":[],"categories":[1],"tags":[],"_links":{"self":[{"href":"https:\/\/flavienneuvy.fr\/index.php\/wp-json\/wp\/v2\/posts\/1158"}],"collection":[{"href":"https:\/\/flavienneuvy.fr\/index.php\/wp-json\/wp\/v2\/posts"}],"about":[{"href":"https:\/\/flavienneuvy.fr\/index.php\/wp-json\/wp\/v2\/types\/post"}],"author":[{"embeddable":true,"href":"https:\/\/flavienneuvy.fr\/index.php\/wp-json\/wp\/v2\/users\/1"}],"replies":[{"embeddable":true,"href":"https:\/\/flavienneuvy.fr\/index.php\/wp-json\/wp\/v2\/comments?post=1158"}],"version-history":[{"count":0,"href":"https:\/\/flavienneuvy.fr\/index.php\/wp-json\/wp\/v2\/posts\/1158\/revisions"}],"wp:attachment":[{"href":"https:\/\/flavienneuvy.fr\/index.php\/wp-json\/wp\/v2\/media?parent=1158"}],"wp:term":[{"taxonomy":"category","embeddable":true,"href":"https:\/\/flavienneuvy.fr\/index.php\/wp-json\/wp\/v2\/categories?post=1158"},{"taxonomy":"post_tag","embeddable":true,"href":"https:\/\/flavienneuvy.fr\/index.php\/wp-json\/wp\/v2\/tags?post=1158"}],"curies":[{"name":"wp","href":"https:\/\/api.w.org\/{rel}","templated":true}]}}