{"id":1160,"date":"2008-03-12T20:35:09","date_gmt":"2008-03-12T19:35:09","guid":{"rendered":"http:\/\/flavienneuvy.fr\/index.php\/2008\/03\/12\/premier-conseil\/"},"modified":"2008-03-12T20:35:09","modified_gmt":"2008-03-12T19:35:09","slug":"premier-conseil","status":"publish","type":"post","link":"https:\/\/flavienneuvy.fr\/index.php\/2008\/03\/12\/premier-conseil\/","title":{"rendered":"Premier conseil municipal,"},"content":{"rendered":"<p><span style=\"font-size: 1.2em;\">La date du premier conseil municipal est connue : samedi 15 mars \u00e0 partir de 10h30. Le nouveau maire sera \u00e9lu par l&rsquo;assembl\u00e9e. Je me suis port\u00e9 candidat \u00e0 cette \u00e9lection.<\/span><\/p>\n<p><span style=\"font-size: 1.2em;\">J&rsquo;ai t\u00e9l\u00e9phon\u00e9 \u00e0 Monsieur Auby pour le f\u00e9liciter de vive voix pour son \u00e9lection \u00e0 C\u00e9bazat mais \u00e9galement pour son \u00e9lection d\u00e8s le premier tour aux cantonales. <\/span><\/p>\n<p><span style=\"font-size: 1.2em;\">Je consid\u00e8re qu&rsquo;on peut faire de la politique avec calme et s\u00e9r\u00e9nit\u00e9. <\/span><\/p>\n<p><span style=\"font-size: 1.2em;\">A ce titre, je souhaite r\u00e9agir aux d\u00e9gradations de mes affiches dans la nuit de dimanche \u00e0 lundi. Ces actes ont choqu\u00e9 beaucoup de C\u00e9bazaires qui ne comprennent pas une telle attitude. Je consid\u00e8re qu&rsquo;il ne faut pas donner trop d&rsquo;importance \u00e0 ces faits.<\/span><\/p>\n<p><span style=\"font-size: 1.2em;\">Nous allons pouvoir commencer notre travail au sein du conseil municipal, c&rsquo;est bien l\u00e0 l&rsquo;essentiel. <\/span><\/p>\n<p><span style=\"font-size: 1.2em;\">Flavien Neuvy<\/span><\/p>\n","protected":false},"excerpt":{"rendered":"<p>La date du premier conseil municipal est connue : samedi 15 mars \u00e0 partir de 10h30. Le nouveau maire sera \u00e9lu par l&rsquo;assembl\u00e9e. Je me suis port\u00e9 candidat \u00e0 cette \u00e9lection. J&rsquo;ai t\u00e9l\u00e9phon\u00e9 \u00e0 Monsieur Auby pour le f\u00e9liciter de vive voix pour son \u00e9lection \u00e0 C\u00e9bazat mais \u00e9galement pour son \u00e9lection d\u00e8s le premier&nbsp;<\/p>\n<p><a class=\"btn btn-style\" href=\"https:\/\/flavienneuvy.fr\/index.php\/2008\/03\/12\/premier-conseil\/\">Continuer la lecture&#8230;<\/a><\/p>\n","protected":false},"author":1,"featured_media":0,"comment_status":"open","ping_status":"open","sticky":false,"template":"","format":"standard","meta":[],"categories":[1],"tags":[],"_links":{"self":[{"href":"https:\/\/flavienneuvy.fr\/index.php\/wp-json\/wp\/v2\/posts\/1160"}],"collection":[{"href":"https:\/\/flavienneuvy.fr\/index.php\/wp-json\/wp\/v2\/posts"}],"about":[{"href":"https:\/\/flavienneuvy.fr\/index.php\/wp-json\/wp\/v2\/types\/post"}],"author":[{"embeddable":true,"href":"https:\/\/flavienneuvy.fr\/index.php\/wp-json\/wp\/v2\/users\/1"}],"replies":[{"embeddable":true,"href":"https:\/\/flavienneuvy.fr\/index.php\/wp-json\/wp\/v2\/comments?post=1160"}],"version-history":[{"count":0,"href":"https:\/\/flavienneuvy.fr\/index.php\/wp-json\/wp\/v2\/posts\/1160\/revisions"}],"wp:attachment":[{"href":"https:\/\/flavienneuvy.fr\/index.php\/wp-json\/wp\/v2\/media?parent=1160"}],"wp:term":[{"taxonomy":"category","embeddable":true,"href":"https:\/\/flavienneuvy.fr\/index.php\/wp-json\/wp\/v2\/categories?post=1160"},{"taxonomy":"post_tag","embeddable":true,"href":"https:\/\/flavienneuvy.fr\/index.php\/wp-json\/wp\/v2\/tags?post=1160"}],"curies":[{"name":"wp","href":"https:\/\/api.w.org\/{rel}","templated":true}]}}