{"id":1161,"date":"2008-03-10T19:15:19","date_gmt":"2008-03-10T18:15:19","guid":{"rendered":"http:\/\/flavienneuvy.fr\/index.php\/2008\/03\/10\/premier-bilan\/"},"modified":"2008-03-10T19:15:19","modified_gmt":"2008-03-10T18:15:19","slug":"premier-bilan","status":"publish","type":"post","link":"https:\/\/flavienneuvy.fr\/index.php\/2008\/03\/10\/premier-bilan\/","title":{"rendered":"Premier bilan"},"content":{"rendered":"<p><span style=\"font-size: 1.2em;\">C&rsquo;est encore un peu t\u00f4t pour faire un bilan complet du r\u00e9sultat des \u00e9lections municipales. <\/span><\/p>\n<p><span style=\"font-size: 1.2em;\">Plusieurs \u00e9l\u00e9ments, cependant, \u00e0 retenir :<\/span><\/p>\n<p><span style=\"font-size: 1.2em;\">&#8211; le r\u00e9sultat obtenu par la liste &quot;C\u00e9bazat pour demain&quot; est plus qu&rsquo;honorable. Le contexte global n&rsquo;\u00e9tait pas favorable : notre liste obtient l&rsquo;un des meilleurs scores de la droite au sein du grand Clermont (hors maires de droite sortants). Plus d&rsquo;un C\u00e9bazaire sur trois a vot\u00e9 pour notre liste. C&rsquo;est tr\u00e8s prometteur. <\/span><\/p>\n<p><span style=\"font-size: 1.2em;\">&#8211; Nous avons 5 \u00e9lus au conseil : Flavien Neuvy, Jocelyne Chalus, Thierry Olivain, Jeannine Farachat, Maurice Ol\u00e9on. Ce groupe d&rsquo;opposition fera son travail et nous communiquerons r\u00e9guli\u00e8rement avec les C\u00e9bazaires pour les tenir inform\u00e9s des diff\u00e9rentes d\u00e9cisions prises par la majorit\u00e9 municipale. <\/span><\/p>\n<p><span style=\"font-size: 1.2em;\">&#8211; L&rsquo;\u00e9lection de dimanche dernier ne marque pas la fin d&rsquo;une aventure, elle marque le d\u00e9but d&rsquo;une longue histoire (et oui, d\u00e9sol\u00e9 mais on ne va pas s&rsquo;arr\u00eater de sit\u00f4t en d\u00e9pit de ce que peuvent esp\u00e9rer certains&#8230;). Une \u00e9quipe est n\u00e9e, vous pouvez compter sur nous pour les ann\u00e9es \u00e0 venir.<\/span><\/p>\n<p><span style=\"font-size: 1.2em;\">UN GRAND MERCI AUX 1273 CEBAZAIRES QUI NOUS ONT APPORTE LEUR SUFFRAGE.<\/span><\/p>\n<p><span style=\"font-size: 1.2em;\">Flavien Neuvy et les colistiers de &quot;C\u00e9bazat Pour Demain&quot;<br \/> <\/span><\/p>\n","protected":false},"excerpt":{"rendered":"<p>C&rsquo;est encore un peu t\u00f4t pour faire un bilan complet du r\u00e9sultat des \u00e9lections municipales. Plusieurs \u00e9l\u00e9ments, cependant, \u00e0 retenir : &#8211; le r\u00e9sultat obtenu par la liste &quot;C\u00e9bazat pour demain&quot; est plus qu&rsquo;honorable. Le contexte global n&rsquo;\u00e9tait pas favorable : notre liste obtient l&rsquo;un des meilleurs scores de la droite au sein du grand&nbsp;<\/p>\n<p><a class=\"btn btn-style\" href=\"https:\/\/flavienneuvy.fr\/index.php\/2008\/03\/10\/premier-bilan\/\">Continuer la lecture&#8230;<\/a><\/p>\n","protected":false},"author":1,"featured_media":0,"comment_status":"open","ping_status":"open","sticky":false,"template":"","format":"standard","meta":[],"categories":[1],"tags":[],"_links":{"self":[{"href":"https:\/\/flavienneuvy.fr\/index.php\/wp-json\/wp\/v2\/posts\/1161"}],"collection":[{"href":"https:\/\/flavienneuvy.fr\/index.php\/wp-json\/wp\/v2\/posts"}],"about":[{"href":"https:\/\/flavienneuvy.fr\/index.php\/wp-json\/wp\/v2\/types\/post"}],"author":[{"embeddable":true,"href":"https:\/\/flavienneuvy.fr\/index.php\/wp-json\/wp\/v2\/users\/1"}],"replies":[{"embeddable":true,"href":"https:\/\/flavienneuvy.fr\/index.php\/wp-json\/wp\/v2\/comments?post=1161"}],"version-history":[{"count":0,"href":"https:\/\/flavienneuvy.fr\/index.php\/wp-json\/wp\/v2\/posts\/1161\/revisions"}],"wp:attachment":[{"href":"https:\/\/flavienneuvy.fr\/index.php\/wp-json\/wp\/v2\/media?parent=1161"}],"wp:term":[{"taxonomy":"category","embeddable":true,"href":"https:\/\/flavienneuvy.fr\/index.php\/wp-json\/wp\/v2\/categories?post=1161"},{"taxonomy":"post_tag","embeddable":true,"href":"https:\/\/flavienneuvy.fr\/index.php\/wp-json\/wp\/v2\/tags?post=1161"}],"curies":[{"name":"wp","href":"https:\/\/api.w.org\/{rel}","templated":true}]}}