{"id":121,"date":"2013-08-29T07:32:24","date_gmt":"2013-08-29T06:32:24","guid":{"rendered":"http:\/\/flavienneuvy.fr\/index.php\/2013\/08\/29\/une-non-reforme-des-retraites-habile-sur-le-plan-politique\/"},"modified":"2013-08-29T07:32:24","modified_gmt":"2013-08-29T06:32:24","slug":"une-non-reforme-des-retraites-habile-sur-le-plan-politique","status":"publish","type":"post","link":"https:\/\/flavienneuvy.fr\/index.php\/2013\/08\/29\/une-non-reforme-des-retraites-habile-sur-le-plan-politique\/","title":{"rendered":"Une non-r\u00e9forme des retraites habile sur le plan politique"},"content":{"rendered":"<div style=\"text-align: justify;\">Jean-Marc Ayrault a pris tout le monde de court en annon\u00e7ant les mesures de la r\u00e9forme des retraites plus t\u00f4t que pr\u00e9vu. Un constat s&#39;impose d&#39;embl\u00e9e : sur le plan politique, c&#39;est bien jou\u00e9. Le gouvernement a \u00e9t\u00e9 habile et cette r\u00e9forme qui s&#39;annon\u00e7ait explosive ne d\u00e9bouchera sur aucune mobilisation massive. Comment a-t-il r\u00e9alis\u00e9 ce tour de force ? D&#39;abord en la\u00e7ant des fausses pistes qui ont fait courir l&#39;opposition et les syndicats pendant des mois. L&#39;augmentation de la CSG en est le parfait exemple. Le gouvernement a croire que c&#39;\u00e9tait une option retenue et tout le monde s&#39;est battu contre pendant des semaines. Tout le monde s&#39;est donc battu contre un adversaire fant\u00f4me puisque la CSG n&#39;a pas \u00e9t\u00e9 augment\u00e9e&#8230;Par ailleurs, l&#39;essentiel de cette non-r\u00e9forme se r\u00e9sume \u00e0 une banale hausse des cotisations. Cette d\u00e9cision nuisible pour nos entreprises ne r\u00e9sout pas le probl\u00e8me du financement de nos retraites. Mais elle pr\u00e9sente l&#39;avantage incontestable pour le gouvernement de calmer les syndicats. Le gouvernement a donc \u00e9t\u00e9 tr\u00e8s habile et le meilleur exemple concerne le Medef qui s&#39;est fait rouler dans la farine. Pierre Gattaz \u00e9tait tr\u00e8s satisfait en d\u00e9but de semaine \u00e0 la sortie de son rendez-vous avec Jean-Marc Ayrault. Ce dernier lui a laiss\u00e9 entendre qu&#39;une nouvelle baisse du co\u00fbt du travail \u00e9tait envisag\u00e9e, sans lui dire quand ni de combien&#8230;Le r\u00e9veil fut brutal pour le Medef avec la sensation d&#39;avoir \u00e9t\u00e9 tr\u00e8s (trop) na\u00eff.<\/div>\n","protected":false},"excerpt":{"rendered":"<p>Jean-Marc Ayrault a pris tout le monde de court en annon\u00e7ant les mesures de la r\u00e9forme des retraites plus t\u00f4t que pr\u00e9vu. Un constat s&#39;impose d&#39;embl\u00e9e : sur le plan politique, c&#39;est bien jou\u00e9. Le gouvernement a \u00e9t\u00e9 habile et cette r\u00e9forme qui s&#39;annon\u00e7ait explosive ne d\u00e9bouchera sur aucune mobilisation massive. Comment a-t-il r\u00e9alis\u00e9 ce&nbsp;<\/p>\n<p><a class=\"btn btn-style\" href=\"https:\/\/flavienneuvy.fr\/index.php\/2013\/08\/29\/une-non-reforme-des-retraites-habile-sur-le-plan-politique\/\">Continuer la lecture&#8230;<\/a><\/p>\n","protected":false},"author":1,"featured_media":0,"comment_status":"open","ping_status":"open","sticky":false,"template":"","format":"standard","meta":[],"categories":[2],"tags":[],"_links":{"self":[{"href":"https:\/\/flavienneuvy.fr\/index.php\/wp-json\/wp\/v2\/posts\/121"}],"collection":[{"href":"https:\/\/flavienneuvy.fr\/index.php\/wp-json\/wp\/v2\/posts"}],"about":[{"href":"https:\/\/flavienneuvy.fr\/index.php\/wp-json\/wp\/v2\/types\/post"}],"author":[{"embeddable":true,"href":"https:\/\/flavienneuvy.fr\/index.php\/wp-json\/wp\/v2\/users\/1"}],"replies":[{"embeddable":true,"href":"https:\/\/flavienneuvy.fr\/index.php\/wp-json\/wp\/v2\/comments?post=121"}],"version-history":[{"count":0,"href":"https:\/\/flavienneuvy.fr\/index.php\/wp-json\/wp\/v2\/posts\/121\/revisions"}],"wp:attachment":[{"href":"https:\/\/flavienneuvy.fr\/index.php\/wp-json\/wp\/v2\/media?parent=121"}],"wp:term":[{"taxonomy":"category","embeddable":true,"href":"https:\/\/flavienneuvy.fr\/index.php\/wp-json\/wp\/v2\/categories?post=121"},{"taxonomy":"post_tag","embeddable":true,"href":"https:\/\/flavienneuvy.fr\/index.php\/wp-json\/wp\/v2\/tags?post=121"}],"curies":[{"name":"wp","href":"https:\/\/api.w.org\/{rel}","templated":true}]}}