{"id":1213,"date":"2007-12-19T12:14:28","date_gmt":"2007-12-19T11:14:28","guid":{"rendered":"http:\/\/flavienneuvy.fr\/index.php\/2007\/12\/19\/le-logement-soc\/"},"modified":"2007-12-19T12:14:28","modified_gmt":"2007-12-19T11:14:28","slug":"le-logement-soc","status":"publish","type":"post","link":"https:\/\/flavienneuvy.fr\/index.php\/2007\/12\/19\/le-logement-soc\/","title":{"rendered":"Le logement social en question,"},"content":{"rendered":"<p><span style=\"font-size: 1.2em;\">Depuis la loi du 13 d\u00e9cembre 2000, vot\u00e9e par le gouvernement Jospin, relative \u00e0 &quot;la solidarit\u00e9 et au renouvellement urbains&quot;, dite loi &quot;SRU&quot;, les communes de plus de 3500 habitants sont tenues d&rsquo;assurer un minimum de 20% de logements sociaux sous peine de devoir payer une taxe annuelle dont le montant est calcul\u00e9 en fonction du nombre de logements sociaux manquants.<\/span><\/p>\n<p><span style=\"font-size: 1.2em;\">Le sujet est sensible. Notons au passage, que la construction de logements sociaux n&rsquo;a jamais \u00e9t\u00e9 faible que sous le gouvernement Jospin.<\/span><\/p>\n<p><span style=\"font-size: 1.2em;\">Alors sur le papier tout le monde est pour le logement social. Tout le monde est pour mais personne n&rsquo;en veut \u00e0 c\u00f4t\u00e9 de chez soi&#8230;&#8230;.Quelle est ma vision sur le sujet ? <\/span><\/p>\n<p><span style=\"font-size: 1.2em;\">D&rsquo;abord je pense que l&rsquo;\u00e9chelle d&rsquo;une commune n&rsquo;est pas adapt\u00e9e pour la loi SRU et qu&rsquo;il faut raisonner au niveau de l&rsquo;agglom\u00e9ration. Il est \u00e9vident que l&rsquo;\u00e9chelle de Clermont Co est plus pertinente pour la bonne application de la loi. <\/span><span style=\"font-size: 1.2em;\">Ensuite je suis convaincu qu&rsquo;il faut mettre le paquet sur l&rsquo;accession \u00e0 la propri\u00e9t\u00e9. Notre pays est en retard sur ce point par rapport \u00e0 nombre de nos voisins europ\u00e9ens. C&rsquo;est d&rsquo;ailleurs pour cette raison que le pr\u00e9sident de la r\u00e9publique a fait voter la d\u00e9duction des int\u00e9r\u00eats d&#8217;emprunt pour l&rsquo;achat de sa r\u00e9sidence principale. Logique et efficace.<\/span><\/p>\n<p><span style=\"font-size: 1.2em;\">Par ailleurs, je pense que le mode d&rsquo;attribution des logements n&rsquo;est pas satisfaisant. C&rsquo;est la porte ouverte \u00e0 tous les abus et au client\u00e9lisme. A r\u00e9former d&rsquo;urgence.<\/span><\/p>\n<p><span style=\"font-size: 1.2em;\">Anormal \u00e9galement, le fait que l&rsquo;attribution d&rsquo;un logement social se fasse &quot;ad vitam aeternam&quot; et ce m\u00eame si la situation du locataire \u00e9volue significativement. Ainsi, 1,5 million de m\u00e9nages sont en attente d&rsquo;un logement HLM, alors que 400 000 logements sont occup\u00e9s par des habitants qui d\u00e9passent le plafond de ressources. Le dernier exemple en date concerne le directeur de cabinet de Christine Boutin, Ministre du logement, qui b\u00e9n\u00e9ficie d&rsquo;un HLM de 190 m2 dans Paris depuis 1981.Inacceptable. <\/span><\/p>\n<p><span style=\"font-size: 1.2em;\">De m\u00eame, 800 000 logements sont sous-occup\u00e9s suite \u00e0 un changement de structure familiale (divorce, d\u00e9part des enfants du foyer parental&#8230;). Pourquoi une personne seule devrait rester dans un F4 ou un F5 alors que des familles attendent un logement assez grand ? Le pr\u00e9sident de la R\u00e9publique vient donc de proposer que la situation de chaque m\u00e9nage occupant un HLM soit r\u00e9examin\u00e9e tous les trois ans afin de fluidifier la rotation du parc de logements sociaux. Logique et coh\u00e9rent.<\/span><\/p>\n<p><span style=\"font-size: 1.2em;\">Pour finir, un mot sur C\u00e9bazat : la municipalit\u00e9 a initi\u00e9 un projet de construction d&rsquo;environ 900 nouveaux logements sur notre commune. 400 \u00e0 500 logements sociaux pourraient donc voir le jour. Ce projet est gigantesque et arrive apr\u00e8s des ann\u00e9es et des ann\u00e9es d&rsquo;immobilisme en la mati\u00e8re. Je suis surpris par l&rsquo;ampleur de ce qui est pr\u00e9vu. Quelles sont les motivations r\u00e9elles de l&rsquo;\u00e9quipe municipale? Il ne s&rsquo;est rien pass\u00e9 ou presque depuis 10 ans et d&rsquo;un coup d&rsquo;un seul, on nous annonce, assez discr\u00e8tement il est vrai, 900 logements&#8230;&#8230;<\/span><\/p>\n<p><span style=\"font-size: 1.2em;\">Flavien Neuvy<\/span><\/p>\n","protected":false},"excerpt":{"rendered":"<p>Depuis la loi du 13 d\u00e9cembre 2000, vot\u00e9e par le gouvernement Jospin, relative \u00e0 &quot;la solidarit\u00e9 et au renouvellement urbains&quot;, dite loi &quot;SRU&quot;, les communes de plus de 3500 habitants sont tenues d&rsquo;assurer un minimum de 20% de logements sociaux sous peine de devoir payer une taxe annuelle dont le montant est calcul\u00e9 en fonction&nbsp;<\/p>\n<p><a class=\"btn btn-style\" href=\"https:\/\/flavienneuvy.fr\/index.php\/2007\/12\/19\/le-logement-soc\/\">Continuer la lecture&#8230;<\/a><\/p>\n","protected":false},"author":1,"featured_media":0,"comment_status":"open","ping_status":"open","sticky":false,"template":"","format":"standard","meta":[],"categories":[5],"tags":[],"_links":{"self":[{"href":"https:\/\/flavienneuvy.fr\/index.php\/wp-json\/wp\/v2\/posts\/1213"}],"collection":[{"href":"https:\/\/flavienneuvy.fr\/index.php\/wp-json\/wp\/v2\/posts"}],"about":[{"href":"https:\/\/flavienneuvy.fr\/index.php\/wp-json\/wp\/v2\/types\/post"}],"author":[{"embeddable":true,"href":"https:\/\/flavienneuvy.fr\/index.php\/wp-json\/wp\/v2\/users\/1"}],"replies":[{"embeddable":true,"href":"https:\/\/flavienneuvy.fr\/index.php\/wp-json\/wp\/v2\/comments?post=1213"}],"version-history":[{"count":0,"href":"https:\/\/flavienneuvy.fr\/index.php\/wp-json\/wp\/v2\/posts\/1213\/revisions"}],"wp:attachment":[{"href":"https:\/\/flavienneuvy.fr\/index.php\/wp-json\/wp\/v2\/media?parent=1213"}],"wp:term":[{"taxonomy":"category","embeddable":true,"href":"https:\/\/flavienneuvy.fr\/index.php\/wp-json\/wp\/v2\/categories?post=1213"},{"taxonomy":"post_tag","embeddable":true,"href":"https:\/\/flavienneuvy.fr\/index.php\/wp-json\/wp\/v2\/tags?post=1213"}],"curies":[{"name":"wp","href":"https:\/\/api.w.org\/{rel}","templated":true}]}}