{"id":1214,"date":"2007-12-15T16:55:50","date_gmt":"2007-12-15T15:55:50","guid":{"rendered":"http:\/\/flavienneuvy.fr\/index.php\/2007\/12\/15\/nouvelle-donne\/"},"modified":"2007-12-15T16:55:50","modified_gmt":"2007-12-15T15:55:50","slug":"nouvelle-donne","status":"publish","type":"post","link":"https:\/\/flavienneuvy.fr\/index.php\/2007\/12\/15\/nouvelle-donne\/","title":{"rendered":"Nouvelle donne \u00e0 Clermont-Ferrand,"},"content":{"rendered":"<p><span style=\"font-size: 1.2em;\">Les amis de Serge Godard ont-ils f\u00eat\u00e9 un peu trop vite la non candidature de Brice Hortefeux ? C&rsquo;est vrai que l&rsquo;annonce du Ministre a provoqu\u00e9 une euphorie \u00e0 peine voil\u00e9e chez les socialistes clermontois. L&rsquo;\u00e9lection \u00e9tait jou\u00e9e et certains ricanaient en imaginant le r\u00e9sultat du mois de mars prochain. Ils sont all\u00e9s un peu vite en besogne puisque cette semaine la presse locale a \u00e9voqu\u00e9 une possible alliance entre Anne Courtill\u00e9, Michel Fanget, Gilles-Jean Portejoie et Jean-Pierre Brenas pour contrer l&rsquo;\u00e9quipe de Serge Godard. C\u00a0\u00bbest la douche froide pour tous ceux qui pensaient d\u00e9j\u00e0 avoir gagn\u00e9 l&rsquo;\u00e9lection.<\/span><\/p>\n<p><span style=\"font-size: 1.2em;\">C&rsquo;est vrai que si cette liste se constitue, elle peut gagner. <\/span><\/p>\n<p><span style=\"font-size: 1.2em;\">Cette histoire ne fait plus rire personne au PS. De plus, le PS local est englu\u00e9 dans des querelles internes avec des militants issus de la diversit\u00e9 qui voudraient obtenir des investitures aux cantonales et aux municipales. Ils n&rsquo;obtiendront rien, comme d&rsquo;habitude, et ils finissent pas comprendre qu&rsquo;ils sont manipul\u00e9s depuis des d\u00e9c\u00e9nies. <\/span><\/p>\n<p><span style=\"font-size: 1.2em;\">Depuis cette semaine donc, les contacts se multiplient, les coups de t\u00e9l\u00e9phone, les d\u00e9jeuners faussement discrets, bref les n\u00e9gociations sont en cours. J&rsquo;esp\u00e8re qu&rsquo;elles pourront aboutir, ce qui n&rsquo;est pas gagn\u00e9 quand on conna\u00eet les ambitions des uns et des autres&#8230;&#8230;Seul l&rsquo;objectif commun, battre S Godard, doit guider les d\u00e9cisions \u00e0 venir<\/span>.<\/p>\n<p><span style=\"font-size: 1.2em;\">Flavien Neuvy<\/span><\/p>\n","protected":false},"excerpt":{"rendered":"<p>Les amis de Serge Godard ont-ils f\u00eat\u00e9 un peu trop vite la non candidature de Brice Hortefeux ? C&rsquo;est vrai que l&rsquo;annonce du Ministre a provoqu\u00e9 une euphorie \u00e0 peine voil\u00e9e chez les socialistes clermontois. L&rsquo;\u00e9lection \u00e9tait jou\u00e9e et certains ricanaient en imaginant le r\u00e9sultat du mois de mars prochain. Ils sont all\u00e9s un peu&nbsp;<\/p>\n<p><a class=\"btn btn-style\" href=\"https:\/\/flavienneuvy.fr\/index.php\/2007\/12\/15\/nouvelle-donne\/\">Continuer la lecture&#8230;<\/a><\/p>\n","protected":false},"author":1,"featured_media":0,"comment_status":"open","ping_status":"open","sticky":false,"template":"","format":"standard","meta":[],"categories":[1],"tags":[],"_links":{"self":[{"href":"https:\/\/flavienneuvy.fr\/index.php\/wp-json\/wp\/v2\/posts\/1214"}],"collection":[{"href":"https:\/\/flavienneuvy.fr\/index.php\/wp-json\/wp\/v2\/posts"}],"about":[{"href":"https:\/\/flavienneuvy.fr\/index.php\/wp-json\/wp\/v2\/types\/post"}],"author":[{"embeddable":true,"href":"https:\/\/flavienneuvy.fr\/index.php\/wp-json\/wp\/v2\/users\/1"}],"replies":[{"embeddable":true,"href":"https:\/\/flavienneuvy.fr\/index.php\/wp-json\/wp\/v2\/comments?post=1214"}],"version-history":[{"count":0,"href":"https:\/\/flavienneuvy.fr\/index.php\/wp-json\/wp\/v2\/posts\/1214\/revisions"}],"wp:attachment":[{"href":"https:\/\/flavienneuvy.fr\/index.php\/wp-json\/wp\/v2\/media?parent=1214"}],"wp:term":[{"taxonomy":"category","embeddable":true,"href":"https:\/\/flavienneuvy.fr\/index.php\/wp-json\/wp\/v2\/categories?post=1214"},{"taxonomy":"post_tag","embeddable":true,"href":"https:\/\/flavienneuvy.fr\/index.php\/wp-json\/wp\/v2\/tags?post=1214"}],"curies":[{"name":"wp","href":"https:\/\/api.w.org\/{rel}","templated":true}]}}