{"id":1217,"date":"2007-12-14T18:21:10","date_gmt":"2007-12-14T17:21:10","guid":{"rendered":"http:\/\/flavienneuvy.fr\/index.php\/2007\/12\/14\/au-revoir-kad-1\/"},"modified":"2007-12-14T18:21:10","modified_gmt":"2007-12-14T17:21:10","slug":"au-revoir-kad-1","status":"publish","type":"post","link":"https:\/\/flavienneuvy.fr\/index.php\/2007\/12\/14\/au-revoir-kad-1\/","title":{"rendered":"Au revoir Kadhafi,"},"content":{"rendered":"<p><span style=\"font-size: 1.2em;\">Le voyage officiel du dictateur libyen n&rsquo;en finit plus. L&rsquo;impr\u00e9visible&nbsp; Kadhafi prend un malin plaisir \u00e0 faire tra\u00eener son s\u00e9jour en France.<\/span><\/p>\n<p><span style=\"font-size: 1.2em;\">J&rsquo;\u00e9tais \u00e0 Paris aujourd&rsquo;hui et \u00e0 l&rsquo;a\u00e9roport d&rsquo;Orly j&rsquo;ai pu voir les deux avions de la d\u00e9l\u00e9gation libyenne forte de plus de 400 personnes&#8230;&#8230;1 Airbus A340 et 1 Airbus A321 (en photo). Rien que \u00e7\u00e0&#8230;<\/span><\/p>\n<p><span style=\"font-size: 1.2em;\">Allez, partez vite monsieur Kadhafi et si vous pouviez ne jamais revenir ce serait tr\u00e8s bien.<\/span><\/p>\n<p><a onclick=\"window.open(this.href, '_blank', 'width=800,height=531,scrollbars=no,resizable=no,toolbar=no,directories=no,location=no,menubar=no,status=no,left=0,top=0'); return false\" href=\"http:\/\/cebazatpourdemain.neufblog.com\/.shared\/image.html?\/photos\/uncategorized\/2007\/12\/14\/dsc05186.jpg\"><span style=\"font-size: 1.2em;\"><img decoding=\"async\" loading=\"lazy\" title=\"Dsc05186\" height=\"66\" alt=\"Dsc05186\" src=\"http:\/\/cebazatpourdemain.neufblog.com\/cebazatpourdemain\/images\/2007\/12\/14\/dsc05186.jpg\" width=\"100\" border=\"0\" style=\"FLOAT: left; MARGIN: 0px 5px 5px 0px\" \/><\/span><\/a><\/p>\n<p><span style=\"font-size: 1.2em;\">Flavien Neuvy<\/span><\/p>\n","protected":false},"excerpt":{"rendered":"<p>Le voyage officiel du dictateur libyen n&rsquo;en finit plus. L&rsquo;impr\u00e9visible&nbsp; Kadhafi prend un malin plaisir \u00e0 faire tra\u00eener son s\u00e9jour en France. J&rsquo;\u00e9tais \u00e0 Paris aujourd&rsquo;hui et \u00e0 l&rsquo;a\u00e9roport d&rsquo;Orly j&rsquo;ai pu voir les deux avions de la d\u00e9l\u00e9gation libyenne forte de plus de 400 personnes&#8230;&#8230;1 Airbus A340 et 1 Airbus A321 (en photo). Rien&nbsp;<\/p>\n<p><a class=\"btn btn-style\" href=\"https:\/\/flavienneuvy.fr\/index.php\/2007\/12\/14\/au-revoir-kad-1\/\">Continuer la lecture&#8230;<\/a><\/p>\n","protected":false},"author":1,"featured_media":0,"comment_status":"open","ping_status":"open","sticky":false,"template":"","format":"standard","meta":[],"categories":[2],"tags":[],"_links":{"self":[{"href":"https:\/\/flavienneuvy.fr\/index.php\/wp-json\/wp\/v2\/posts\/1217"}],"collection":[{"href":"https:\/\/flavienneuvy.fr\/index.php\/wp-json\/wp\/v2\/posts"}],"about":[{"href":"https:\/\/flavienneuvy.fr\/index.php\/wp-json\/wp\/v2\/types\/post"}],"author":[{"embeddable":true,"href":"https:\/\/flavienneuvy.fr\/index.php\/wp-json\/wp\/v2\/users\/1"}],"replies":[{"embeddable":true,"href":"https:\/\/flavienneuvy.fr\/index.php\/wp-json\/wp\/v2\/comments?post=1217"}],"version-history":[{"count":0,"href":"https:\/\/flavienneuvy.fr\/index.php\/wp-json\/wp\/v2\/posts\/1217\/revisions"}],"wp:attachment":[{"href":"https:\/\/flavienneuvy.fr\/index.php\/wp-json\/wp\/v2\/media?parent=1217"}],"wp:term":[{"taxonomy":"category","embeddable":true,"href":"https:\/\/flavienneuvy.fr\/index.php\/wp-json\/wp\/v2\/categories?post=1217"},{"taxonomy":"post_tag","embeddable":true,"href":"https:\/\/flavienneuvy.fr\/index.php\/wp-json\/wp\/v2\/tags?post=1217"}],"curies":[{"name":"wp","href":"https:\/\/api.w.org\/{rel}","templated":true}]}}