{"id":123,"date":"2013-08-23T06:47:43","date_gmt":"2013-08-23T05:47:43","guid":{"rendered":"http:\/\/flavienneuvy.fr\/index.php\/2013\/08\/23\/une-croissance-plus-forte-que-prevu-au-deuxieme-trimestre-une-fausse-bonne-nouvelle-pour-francois-ho\/"},"modified":"2013-08-23T06:47:43","modified_gmt":"2013-08-23T05:47:43","slug":"une-croissance-plus-forte-que-prevu-au-deuxieme-trimestre-une-fausse-bonne-nouvelle-pour-francois-ho","status":"publish","type":"post","link":"https:\/\/flavienneuvy.fr\/index.php\/2013\/08\/23\/une-croissance-plus-forte-que-prevu-au-deuxieme-trimestre-une-fausse-bonne-nouvelle-pour-francois-ho\/","title":{"rendered":"Une croissance plus forte que pr\u00e9vu au deuxi\u00e8me trimestre ? Une fausse bonne nouvelle pour Fran\u00e7ois Hollande."},"content":{"rendered":"<div style=\"text-align: center;\">\n<p style=\"text-align: justify;\">A premi\u00e8re vue, c\u2019est une divine surprise pour Fran\u00e7ois Hollande. La<br \/>\ncroissance&#0160; a \u00e9t\u00e9 de 0,5% au deuxi\u00e8me trimestre de cette ann\u00e9e. C\u2019est<br \/>\nnettement sup\u00e9rieur aux pr\u00e9visions des \u00e9conomistes qui tablaient en moyenne sur<br \/>\nune hausse de 0,2%. Cette nouvelle publi\u00e9e le 14 ao\u00fbt par l\u2019Insee a suscit\u00e9 de<br \/>\nnombreuses r\u00e9actions enthousiastes du c\u00f4t\u00e9 du gouvernement. Le premier ministre<br \/>\ns\u2019est lui-m\u00eame empress\u00e9 de dire que <a href=\"http:\/\/www.lepoint.fr\/fil-info-reuters\/pour-ayrault-le-rebond-de-la-croissance-conforte-le-gouvernement-14-08-2013-1714045_240.php\">\u00ab&#0160;ces<br \/>\nbons chiffres n\u2019\u00e9taient pas dus au hasard&#0160;\u00bb et qu\u2019ils \u00ab&#0160;confortaient<br \/>\nla strat\u00e9gie du gouvernement&#0160;\u00bb.<\/a> <\/p>\n<p style=\"text-align: justify;\">En pleine torpeur estivale, les Socialistes n\u2019ont pas pu s\u2019emp\u00eacher de crier<br \/>\nvictoire ce qui n\u2019est pas \u00e9tonnant. Un autre gouvernement aurait fait de m\u00eame.<br \/>\nMais en r\u00e9alit\u00e9, cette croissance sup\u00e9rieure aux attentes pourrait se<br \/>\ntransformer en pi\u00e8ge redoutable pour Fran\u00e7ois Hollande, et ce pour au moins 3<br \/>\nraisons.<\/p>\n<p style=\"text-align: justify;\">D\u2019abord, elle renforce le camp de ceux qui, au sein du PS, se battent contre<br \/>\nla \u00ab&#0160;rigueur&#0160;\u00bb afin de \u00ab&#0160;ne pas casser la croissance&#0160;\u00bb. Du<br \/>\ncoup, Fran\u00e7ois Hollande pourrait \u00eatre tent\u00e9 de stopper l\u2019effort en mati\u00e8re de<br \/>\nr\u00e9duction des d\u00e9penses publiques. Ce serait une erreur dramatique qui pourrait<br \/>\navoir des cons\u00e9quences sur le co\u00fbt des emprunts d\u2019\u00c9tat. D\u2019ailleurs, m\u00eame si<br \/>\npersonne n\u2019en parle, la remont\u00e9e des taux est assez spectaculaire. L\u2019OAT 10 ans<br \/>\nest pass\u00e9e de 1,7% d\u00e9but mai \u00e0 2,53% aujourd\u2019hui. Le moindre rel\u00e2chement dans<br \/>\nla gestion des comptes publics ne pourrait qu\u2019acc\u00e9l\u00e9rer cette tendance avec des<br \/>\ncons\u00e9quences fortes sur le budget de l\u2019\u00c9tat. Je rappelle que la charge des<br \/>\nint\u00e9r\u00eats de la dette repr\u00e9sente environ 50 milliards d\u2019euros par an. Ce serait<br \/>\nd\u2019autant plus d\u00e9sastreux que, pour le moment, la baisse des d\u00e9penses publiques<br \/>\nn\u2019a m\u00eame pas commenc\u00e9. En effet, \u00e0 fin juin 2013, les d\u00e9penses de l\u2019\u00c9tat<br \/>\natteignaient 196 milliards d\u2019euros (191 milliards hors d\u00e9penses<br \/>\nexceptionnelles) contre 185 milliards l\u2019an dernier \u00e0 la m\u00eame \u00e9poque. On le<br \/>\nvoit, la baisse des d\u00e9penses publiques promise par Fran\u00e7ois Hollande est loin<br \/>\nd\u2019\u00eatre au rendez-vous.<\/p>\n<p style=\"text-align: justify;\">Mais ce n\u2019est pas tout. Quand on regarde le d\u00e9tail des chiffres de la<br \/>\ncroissance au deuxi\u00e8me trimestre, on se rend compte que le rebond est tr\u00e8s<br \/>\nfragile. En effet, c&#39;est la consommation des m\u00e9nages qui a tir\u00e9 le PIB vers le<br \/>\nhaut. Or, c&#39;est la hausse des d\u00e9penses d&#39;\u00e9nergie (+2,4%) li\u00e9e \u00e0 un printemps<br \/>\nplus froid que l&#39;an dernier qui explique en grande partie le rebond de la<br \/>\nconsommation des m\u00e9nages. Ceci ne traduit pas un app\u00e9tit de consommation<br \/>\nretrouv\u00e9. La r\u00e9alit\u00e9, c&#39;est qu&#39;avec un pouvoir d&#39;achat qui reste orient\u00e9 \u00e0 la<br \/>\nbaisse, un ch\u00f4mage qui reste orient\u00e9 \u00e0 la hausse, les Fran\u00e7ais restent tr\u00e8s<br \/>\nprudents et pr\u00e9f\u00e8rent \u00e9pargner.<\/p>\n<p style=\"text-align: justify;\">Dernier point mais le plus important sans aucun doute : malgr\u00e9 ce rebond de<br \/>\nl&#39;activit\u00e9 au deuxi\u00e8me trimestre, il y a eu sur la p\u00e9riode 27 800 destructions<br \/>\nde postes principalement dans les secteurs marchands. Nous le savons, pour<br \/>\ninverser la courbe du ch\u00f4mage, il faut une croissance minimale de 1,5% par an.<br \/>\nL&#39;activit\u00e9 reste trop faible pour que Fran\u00e7ois Hollande tienne durablement sa<br \/>\npromesse d&#39;inversion de la courbe du ch\u00f4mage. <\/p>\n<p style=\"text-align: justify;\">&#0160;<\/p>\n<\/div>\n","protected":false},"excerpt":{"rendered":"<p>A premi\u00e8re vue, c\u2019est une divine surprise pour Fran\u00e7ois Hollande. La croissance&#0160; a \u00e9t\u00e9 de 0,5% au deuxi\u00e8me trimestre de cette ann\u00e9e. C\u2019est nettement sup\u00e9rieur aux pr\u00e9visions des \u00e9conomistes qui tablaient en moyenne sur une hausse de 0,2%. Cette nouvelle publi\u00e9e le 14 ao\u00fbt par l\u2019Insee a suscit\u00e9 de nombreuses r\u00e9actions enthousiastes du c\u00f4t\u00e9 du&nbsp;<\/p>\n<p><a class=\"btn btn-style\" href=\"https:\/\/flavienneuvy.fr\/index.php\/2013\/08\/23\/une-croissance-plus-forte-que-prevu-au-deuxieme-trimestre-une-fausse-bonne-nouvelle-pour-francois-ho\/\">Continuer la lecture&#8230;<\/a><\/p>\n","protected":false},"author":1,"featured_media":0,"comment_status":"open","ping_status":"open","sticky":false,"template":"","format":"standard","meta":[],"categories":[2],"tags":[],"_links":{"self":[{"href":"https:\/\/flavienneuvy.fr\/index.php\/wp-json\/wp\/v2\/posts\/123"}],"collection":[{"href":"https:\/\/flavienneuvy.fr\/index.php\/wp-json\/wp\/v2\/posts"}],"about":[{"href":"https:\/\/flavienneuvy.fr\/index.php\/wp-json\/wp\/v2\/types\/post"}],"author":[{"embeddable":true,"href":"https:\/\/flavienneuvy.fr\/index.php\/wp-json\/wp\/v2\/users\/1"}],"replies":[{"embeddable":true,"href":"https:\/\/flavienneuvy.fr\/index.php\/wp-json\/wp\/v2\/comments?post=123"}],"version-history":[{"count":0,"href":"https:\/\/flavienneuvy.fr\/index.php\/wp-json\/wp\/v2\/posts\/123\/revisions"}],"wp:attachment":[{"href":"https:\/\/flavienneuvy.fr\/index.php\/wp-json\/wp\/v2\/media?parent=123"}],"wp:term":[{"taxonomy":"category","embeddable":true,"href":"https:\/\/flavienneuvy.fr\/index.php\/wp-json\/wp\/v2\/categories?post=123"},{"taxonomy":"post_tag","embeddable":true,"href":"https:\/\/flavienneuvy.fr\/index.php\/wp-json\/wp\/v2\/tags?post=123"}],"curies":[{"name":"wp","href":"https:\/\/api.w.org\/{rel}","templated":true}]}}