{"id":1231,"date":"2007-11-24T23:53:49","date_gmt":"2007-11-24T22:53:49","guid":{"rendered":"http:\/\/flavienneuvy.fr\/index.php\/2007\/11\/24\/la-campagne-est\/"},"modified":"2007-11-24T23:53:49","modified_gmt":"2007-11-24T22:53:49","slug":"la-campagne-est","status":"publish","type":"post","link":"https:\/\/flavienneuvy.fr\/index.php\/2007\/11\/24\/la-campagne-est\/","title":{"rendered":"La campagne est lanc\u00e9e \u00e0 C\u00e9bazat !"},"content":{"rendered":"<p><span style=\"color: #003366;font-size: 1.2em;\">C&rsquo;est le vendredi 23 novembre que nous avons lanc\u00e9 notre campagne pour les \u00e9lections municipales de C\u00e9bazat. Cette soir\u00e9e fut une r\u00e9ussite compl\u00e8te. Nous avons pu r\u00e9unir 250 personnes \u00e0 C\u00e9bazat en pr\u00e9sence du Ministre Brice Hortefeux, du S\u00e9nateur Jean Marc Juilhard, de la conseill\u00e8re r\u00e9gionale Anne Courtill\u00e9 et du conseiller municipal et candidat dans le canton centre l&rsquo;ann\u00e9e prochaine Jean Pierre Brenas.<\/span><\/p>\n<p><span style=\"color: #003366;font-size: 1.2em;\">C&rsquo;est certain : voir autant de monde nous soutenir est un formidable encouragement pour toute notre \u00e9quipe. <\/span><\/p>\n<p><span style=\"color: #003366;font-size: 1.2em;\">Je voudrais remercier les personnalit\u00e9s pr\u00e9sentes ce soir l\u00e0 ainsi que tous ceux qui nous ont aid\u00e9 dans la pr\u00e9paration de cette soir\u00e9e.<\/span><\/p>\n<p><span style=\"color: #003366;font-size: 1.2em;\">Voici une premi\u00e8re vid\u00e9o : dans les coulisses de la soir\u00e9e !<\/span><\/p>\n<p><span style=\"color: #003366;font-size: 1.2em;\">D&rsquo;autres films suivront, patience patience &#8230;&#8230;&#8230;.<\/span><\/p>\n<p><embed src=\"http:\/\/www.youtube.com\/v\/Y5kLF_U6w-0&amp;rel=1\" width=\"425\" height=\"355\" type=\"application\/x-shockwave-flash\" wmode=\"transparent\"><\/embed><\/p>\n","protected":false},"excerpt":{"rendered":"<p>C&rsquo;est le vendredi 23 novembre que nous avons lanc\u00e9 notre campagne pour les \u00e9lections municipales de C\u00e9bazat. Cette soir\u00e9e fut une r\u00e9ussite compl\u00e8te. Nous avons pu r\u00e9unir 250 personnes \u00e0 C\u00e9bazat en pr\u00e9sence du Ministre Brice Hortefeux, du S\u00e9nateur Jean Marc Juilhard, de la conseill\u00e8re r\u00e9gionale Anne Courtill\u00e9 et du conseiller municipal et candidat dans&nbsp;<\/p>\n<p><a class=\"btn btn-style\" href=\"https:\/\/flavienneuvy.fr\/index.php\/2007\/11\/24\/la-campagne-est\/\">Continuer la lecture&#8230;<\/a><\/p>\n","protected":false},"author":1,"featured_media":0,"comment_status":"open","ping_status":"open","sticky":false,"template":"","format":"standard","meta":[],"categories":[1],"tags":[],"_links":{"self":[{"href":"https:\/\/flavienneuvy.fr\/index.php\/wp-json\/wp\/v2\/posts\/1231"}],"collection":[{"href":"https:\/\/flavienneuvy.fr\/index.php\/wp-json\/wp\/v2\/posts"}],"about":[{"href":"https:\/\/flavienneuvy.fr\/index.php\/wp-json\/wp\/v2\/types\/post"}],"author":[{"embeddable":true,"href":"https:\/\/flavienneuvy.fr\/index.php\/wp-json\/wp\/v2\/users\/1"}],"replies":[{"embeddable":true,"href":"https:\/\/flavienneuvy.fr\/index.php\/wp-json\/wp\/v2\/comments?post=1231"}],"version-history":[{"count":0,"href":"https:\/\/flavienneuvy.fr\/index.php\/wp-json\/wp\/v2\/posts\/1231\/revisions"}],"wp:attachment":[{"href":"https:\/\/flavienneuvy.fr\/index.php\/wp-json\/wp\/v2\/media?parent=1231"}],"wp:term":[{"taxonomy":"category","embeddable":true,"href":"https:\/\/flavienneuvy.fr\/index.php\/wp-json\/wp\/v2\/categories?post=1231"},{"taxonomy":"post_tag","embeddable":true,"href":"https:\/\/flavienneuvy.fr\/index.php\/wp-json\/wp\/v2\/tags?post=1231"}],"curies":[{"name":"wp","href":"https:\/\/api.w.org\/{rel}","templated":true}]}}