{"id":1233,"date":"2007-11-20T08:40:04","date_gmt":"2007-11-20T07:40:04","guid":{"rendered":"http:\/\/flavienneuvy.fr\/index.php\/2007\/11\/20\/le-blocage-de-1\/"},"modified":"2007-11-20T08:40:04","modified_gmt":"2007-11-20T07:40:04","slug":"le-blocage-de-1","status":"publish","type":"post","link":"https:\/\/flavienneuvy.fr\/index.php\/2007\/11\/20\/le-blocage-de-1\/","title":{"rendered":"Le blocage des universit\u00e9s,"},"content":{"rendered":"<p><span style=\"COLOR: black; FONT-FAMILY: &quot;Trebuchet MS&quot;\">Depuis quelques jours, quelques centaines d&rsquo;\u00e9tudiants tentent de bloquer l&rsquo;acc\u00e8s des universit\u00e9s pour demander (on essaye de comprendre car les revendications ne sont pas claires) le retrait de la loi &quot;P\u00e9cresse&quot;.<\/span><\/p>\n<p><span style=\"COLOR: black; FONT-FAMILY: &quot;Trebuchet MS&quot;\">Plusieurs remarques sur ce sujet :<\/span><\/p>\n<p><span style=\"COLOR: black; FONT-FAMILY: &quot;Trebuchet MS&quot;\">&#8211; Cette loi a \u00e9t\u00e9 n\u00e9goci\u00e9e avec l&rsquo;UNEF qui a donc act\u00e9 que cette loi \u00e9tait bonne pour les \u00e9tudiants. C&rsquo;est plus que surprenant de voir aujourd&rsquo;hui cette organisation demander le retrait d&rsquo;une loi qu&rsquo;elle a n\u00e9goci\u00e9e&#8230;.Aucune coh\u00e9rence dans les id\u00e9es&#8230;.En r\u00e9alit\u00e9, l&rsquo;UNEF et son pr\u00e9sident avaient peur de passer \u00e0 c\u00f4t\u00e9 d&rsquo;un mouvement de contestation important et leur prise de position n&rsquo;est qu&rsquo;opportuniste.<\/span><\/p>\n<p><span style=\"COLOR: black; FONT-FAMILY: &quot;Trebuchet MS&quot;\">&#8211; Tout le monde est d&rsquo;accord pour constater l&rsquo;\u00e9tat de d\u00e9labrement de notre enseignement sup\u00e9rieur avec des universit\u00e9s qui ne cessent de s&rsquo;enfoncer dans tous les classements internationaux. Les recettes des universit\u00e9s qui marchent chez nos voisins sont connues : large autonomie, s\u00e9lection \u00e0 l&rsquo;entr\u00e9e et suivi des performances de l&rsquo;universit\u00e9 (en mati\u00e8re de recherche notamment). La loi &quot;P\u00e9cresse&quot; pr\u00e9voit un petit peu d&rsquo;autonomie et, \u00e0 la demande de l&rsquo;UNEF, la s\u00e9lection \u00e0 l&rsquo;entr\u00e9e a \u00e9t\u00e9 abandonn\u00e9e&#8230;&#8230;Nous restons donc avec notre syst\u00e8me de s\u00e9lection par l&rsquo;\u00e9chec avec des cons\u00e9quences dramatiques pour les \u00e9tudiants concern\u00e9s.<\/span><\/p>\n<p><span style=\"COLOR: black; FONT-FAMILY: &quot;Trebuchet MS&quot;\">&#8211; Le blocage des universit\u00e9s est ill\u00e9gitime, donc scandaleux. D&rsquo;abord, une assembl\u00e9e g\u00e9n\u00e9rale qui r\u00e9unit 500 \u00e9tudiants sur 15000 n&rsquo;est pas repr\u00e9sentative et ne peut donc pas d\u00e9cider de bloquer l&rsquo;acc\u00e8s \u00e0 tous les \u00e9tudiants. Mais je vais plus loin : chacun a le droit de faire gr\u00e8ve; aucun doute, aucune discussion sur ce sujet. Mais par contre, le droit de gr\u00e8ve ne se transforme pas en droit d&#8217;emp\u00eacher les autres de travailler. M\u00eame si sur 15000 \u00e9tudiants, 14000 font gr\u00e8ve, les 1000 qui ne sont pas gr\u00e9vistes ont le droit de pouvoir aller travailler. Ma libert\u00e9 s&rsquo;arr\u00eate l\u00e0 o\u00f9 commence celle des autres. Si je suis gr\u00e9viste, je n&rsquo;ai pas le doit d&#8217;emp\u00eacher <strong><u>une seule<\/u><\/strong> personne d&rsquo;aller travailler. <\/span><\/p>\n<p><span style=\"COLOR: black; FONT-FAMILY: &quot;Trebuchet MS&quot;\">C&rsquo;est quand m\u00eame curieux de voir une poign\u00e9e d&rsquo;extr\u00e9mistes bafouer les libert\u00e9s individuelles au nom de la d\u00e9mocratie.<\/span><\/p>\n<p><span style=\"COLOR: black; FONT-FAMILY: &quot;Trebuchet MS&quot;\">Flavien Neuvy<\/span><\/p>\n","protected":false},"excerpt":{"rendered":"<p>Depuis quelques jours, quelques centaines d&rsquo;\u00e9tudiants tentent de bloquer l&rsquo;acc\u00e8s des universit\u00e9s pour demander (on essaye de comprendre car les revendications ne sont pas claires) le retrait de la loi &quot;P\u00e9cresse&quot;. Plusieurs remarques sur ce sujet : &#8211; Cette loi a \u00e9t\u00e9 n\u00e9goci\u00e9e avec l&rsquo;UNEF qui a donc act\u00e9 que cette loi \u00e9tait bonne pour&nbsp;<\/p>\n<p><a class=\"btn btn-style\" href=\"https:\/\/flavienneuvy.fr\/index.php\/2007\/11\/20\/le-blocage-de-1\/\">Continuer la lecture&#8230;<\/a><\/p>\n","protected":false},"author":1,"featured_media":0,"comment_status":"open","ping_status":"open","sticky":false,"template":"","format":"standard","meta":[],"categories":[1],"tags":[],"_links":{"self":[{"href":"https:\/\/flavienneuvy.fr\/index.php\/wp-json\/wp\/v2\/posts\/1233"}],"collection":[{"href":"https:\/\/flavienneuvy.fr\/index.php\/wp-json\/wp\/v2\/posts"}],"about":[{"href":"https:\/\/flavienneuvy.fr\/index.php\/wp-json\/wp\/v2\/types\/post"}],"author":[{"embeddable":true,"href":"https:\/\/flavienneuvy.fr\/index.php\/wp-json\/wp\/v2\/users\/1"}],"replies":[{"embeddable":true,"href":"https:\/\/flavienneuvy.fr\/index.php\/wp-json\/wp\/v2\/comments?post=1233"}],"version-history":[{"count":0,"href":"https:\/\/flavienneuvy.fr\/index.php\/wp-json\/wp\/v2\/posts\/1233\/revisions"}],"wp:attachment":[{"href":"https:\/\/flavienneuvy.fr\/index.php\/wp-json\/wp\/v2\/media?parent=1233"}],"wp:term":[{"taxonomy":"category","embeddable":true,"href":"https:\/\/flavienneuvy.fr\/index.php\/wp-json\/wp\/v2\/categories?post=1233"},{"taxonomy":"post_tag","embeddable":true,"href":"https:\/\/flavienneuvy.fr\/index.php\/wp-json\/wp\/v2\/tags?post=1233"}],"curies":[{"name":"wp","href":"https:\/\/api.w.org\/{rel}","templated":true}]}}