{"id":1237,"date":"2007-11-17T15:23:55","date_gmt":"2007-11-17T14:23:55","guid":{"rendered":"http:\/\/flavienneuvy.fr\/index.php\/2007\/11\/17\/la-lettre-dinfo\/"},"modified":"2007-11-17T15:23:55","modified_gmt":"2007-11-17T14:23:55","slug":"la-lettre-dinfo","status":"publish","type":"post","link":"https:\/\/flavienneuvy.fr\/index.php\/2007\/11\/17\/la-lettre-dinfo\/","title":{"rendered":"300 000 signatures pour Ingrid Betancourt"},"content":{"rendered":"<table cellspacing=\"0\" cellpadding=\"0\" width=\"100%\" border=\"0\">\n<tbody>\n<tr>\n<td align=\"center\">\n<table cellspacing=\"0\" cellpadding=\"0\" width=\"600\" border=\"0\">\n<tbody>\n<tr>\n<td><img decoding=\"async\" loading=\"lazy\" height=\"47\" alt=\"COMITE DE SOUTIEN A INGRID BETANCOURT, CLARA ROJA ET TOUS LES OTAGES EN COLOMBIE\" src=\"http:\/\/www.ingridbetancourt-idf.com\/base\/IMG\/nl_banniere.gif\" width=\"305\" style=\"WIDTH: 305px; HEIGHT: 47px\" \/><\/td>\n<\/tr>\n<tr>\n<td bgcolor=\"#cc0000\">\n<table cellspacing=\"5\" cellpadding=\"0\" width=\"335\" border=\"0\" style=\"WIDTH: 335px; HEIGHT: 28px\">\n<tbody>\n<tr>\n<td class=\"titre_entete\">La lettre d\u2019information<\/td>\n<td class=\"liens_entete\" align=\"right\"><a href=\"http:\/\/www.ingridbetancourt-idf.com\/base\">Site<\/a> &#8211; <a href=\"mailto:contact@ingridbetancourt-idf.com\">Contact<\/a> <\/td>\n<\/tr>\n<\/tbody>\n<\/table>\n<\/td>\n<\/tr>\n<tr>\n<td><\/td>\n<\/tr>\n<tr>\n<td>\n<table class=\"tableau\" cellspacing=\"0\" cellpadding=\"5\" width=\"100%\">\n<tbody>\n<tr>\n<td>\n<h2><span style=\"font-size: 0.8em;\">La p\u00e9tition franchit le cap des <\/span><\/h2>\n<h2><span style=\"font-size: 0.8em;\">300.000 signatures !<\/span><\/h2>\n<p class=\"spip\"><em>Vous pouvez retrouver <\/em><\/p>\n<p class=\"spip\"><em>la lettre<\/em><\/p>\n<p class=\"spip\"><em>ici<\/em><\/p>\n<p class=\"spip\"><a href=\"http:\/\/www.ingridbetancourt-idf.com\/base\/\">http:\/\/www.ingridbetancourt-idf.com\/base\/<\/a><\/p>\n<div class=\"spip_documents spip_documents_left\" style=\"FLOAT: left; WIDTH: 150px\"><a href=\"IMG\/jpg\/175588_firmas_20365-2.jpg\"><\/a><\/div>\n<p class=\"spip\"><a class=\"spip_in\" href=\"http:\/\/www.ingridbetancourt-idf.com\/base\/article.php3?id_article=373\"><strong><span style=\"color: #ff0000;\">En savoir plus<\/span><\/strong><\/a> <\/p>\n<h3 class=\"spip\"><span style=\"font-size: 0.8em;\">Mobilisation exceptionnelle le <\/span><\/h3>\n<h3 class=\"spip\"><span style=\"font-size: 0.8em;\">18 novembre \u00e0 Paris<\/span><\/h3>\n<div class=\"spip_documents spip_documents_left\" style=\"FLOAT: left; WIDTH: 150px\"><a href=\"IMG\/jpg\/Image_de_la_marche-3.jpg\"><\/a><\/div>\n<p class=\"spip\">\n<div class=\"spip_documents spip_documents_right\" style=\"FLOAT: right; WIDTH: 150px\"><a href=\"IMG\/jpg\/Ingrid_even_without_Paypal.jpg\"><\/a><\/div>\n<p class=\"spip\"><a class=\"spip_in\" href=\"http:\/\/www.ingridbetancourt-idf.com\/base\/article.php3?id_article=74\"><strong><span style=\"color: #ff0000;\">Signez et faites signer la p\u00e9tition<\/span><\/strong><\/a> <br \/><a class=\"spip_out\" href=\"mailto:contact@ingridbetancourt-idf.com\"><strong><span style=\"color: #ff0000;\">Rejoignez le Comit\u00e9 de soutien<\/span><\/strong><\/a> <br \/><a class=\"spip_in\" href=\"http:\/\/www.ingridbetancourt-idf.com\/base\/article.php3?id_article=132\"><strong><span style=\"color: #ff0000;\">Rev\u00eatez le t-shirt de soutien ou le badge de solidarit\u00e9<\/span><\/strong><\/a><\/p>\n<\/td>\n<\/tr>\n<\/tbody>\n<\/table>\n<\/td>\n<\/tr>\n<tr>\n<td><\/td>\n<\/tr>\n<tr>\n<td>\n<hr \/>\n<\/td>\n<\/tr>\n<tr>\n<td class=\"pied\" align=\"center\"><a href=\"http:\/\/www.ingridbetancourt-idf.com\/base\/abonnement.php3\">Cliquez ici pour modifier votre abonnement<\/a> <\/td>\n<\/tr>\n<\/tbody>\n<\/table>\n<\/td>\n<\/tr>\n<\/tbody>\n<\/table>\n","protected":false},"excerpt":{"rendered":"<p>La lettre d\u2019information Site &#8211; Contact La p\u00e9tition franchit le cap des 300.000 signatures ! Vous pouvez retrouver la lettre ici http:\/\/www.ingridbetancourt-idf.com\/base\/ En savoir plus Mobilisation exceptionnelle le 18 novembre \u00e0 Paris Signez et faites signer la p\u00e9tition Rejoignez le Comit\u00e9 de soutien Rev\u00eatez le t-shirt de soutien ou le badge de solidarit\u00e9 Cliquez ici&nbsp;<\/p>\n<p><a class=\"btn btn-style\" href=\"https:\/\/flavienneuvy.fr\/index.php\/2007\/11\/17\/la-lettre-dinfo\/\">Continuer la lecture&#8230;<\/a><\/p>\n","protected":false},"author":1,"featured_media":0,"comment_status":"open","ping_status":"open","sticky":false,"template":"","format":"standard","meta":[],"categories":[1],"tags":[],"_links":{"self":[{"href":"https:\/\/flavienneuvy.fr\/index.php\/wp-json\/wp\/v2\/posts\/1237"}],"collection":[{"href":"https:\/\/flavienneuvy.fr\/index.php\/wp-json\/wp\/v2\/posts"}],"about":[{"href":"https:\/\/flavienneuvy.fr\/index.php\/wp-json\/wp\/v2\/types\/post"}],"author":[{"embeddable":true,"href":"https:\/\/flavienneuvy.fr\/index.php\/wp-json\/wp\/v2\/users\/1"}],"replies":[{"embeddable":true,"href":"https:\/\/flavienneuvy.fr\/index.php\/wp-json\/wp\/v2\/comments?post=1237"}],"version-history":[{"count":0,"href":"https:\/\/flavienneuvy.fr\/index.php\/wp-json\/wp\/v2\/posts\/1237\/revisions"}],"wp:attachment":[{"href":"https:\/\/flavienneuvy.fr\/index.php\/wp-json\/wp\/v2\/media?parent=1237"}],"wp:term":[{"taxonomy":"category","embeddable":true,"href":"https:\/\/flavienneuvy.fr\/index.php\/wp-json\/wp\/v2\/categories?post=1237"},{"taxonomy":"post_tag","embeddable":true,"href":"https:\/\/flavienneuvy.fr\/index.php\/wp-json\/wp\/v2\/tags?post=1237"}],"curies":[{"name":"wp","href":"https:\/\/api.w.org\/{rel}","templated":true}]}}