{"id":1238,"date":"2007-11-15T17:42:00","date_gmt":"2007-11-15T16:42:00","guid":{"rendered":"http:\/\/flavienneuvy.fr\/index.php\/2007\/11\/15\/le-patrimoine-d\/"},"modified":"2007-11-15T17:42:00","modified_gmt":"2007-11-15T16:42:00","slug":"le-patrimoine-d","status":"publish","type":"post","link":"https:\/\/flavienneuvy.fr\/index.php\/2007\/11\/15\/le-patrimoine-d\/","title":{"rendered":"Le patrimoine des m\u00e9nages en hausse,"},"content":{"rendered":"<p><span style=\"font-size: 1.2em;\">La Banque de France vient de publier une \u00e9tude qui met en \u00e9vidence une forte hausse du patrimoine moyen des m\u00e9nages fran\u00e7ais entre 1997 et 2003.<\/span><\/p>\n<p><span style=\"font-size: 1.2em;\">La hausse enregistr\u00e9e sur la p\u00e9riode est de 64%&#8230;&#8230;.Celle-ci s&rsquo;explique en grande partie par la forte hausse de l&rsquo;immobilier qui a augment\u00e9 la valeur du patrimoine des m\u00e9nages propri\u00e9taires de leur logement.<\/span><\/p>\n<p><span style=\"font-size: 1.2em;\">La notion de patrimoine est fondamentale car il se construit tout au long de sa vie. C&rsquo;est un long chemin qui permet d&rsquo;avoir un patrimoine, plus ou moins important, au moment de prendre sa retraite. Ainsi, deux personnes ayant les m\u00eames revenus tout au long de leur parcours professionnel n&rsquo;auront pas forc\u00e9ment le m\u00eame patrimoine \u00e0 l&rsquo;arriv\u00e9e. Le patrimoine final d\u00e9pendra de la gestion quotidienne du budget du m\u00e9nage et des choix d&rsquo;investissements effectu\u00e9s. La personne ayant g\u00e9r\u00e9 son budget en &quot;bon p\u00e8re de famille&quot; aura un patrimoine forc\u00e9ment plus important que celui qui aura d\u00e9pens\u00e9 sans compter. Construire son patrimoine c&rsquo;est avoir de la sagesse dans la gestion quotidienne du budget de la famille, un peu d&rsquo;initiative dans le choix des placements. A la fin d&rsquo;une vie professionnelle, le montant du patrimoine ne d\u00e9pend donc pas uniquement du montant des revenus mais aussi de la qualit\u00e9 de gestion et des choix d&rsquo;investissements.<\/span><\/p>\n<p><span style=\"font-size: 1.2em;\">Vous pouvez retrouver le communiqu\u00e9 de la Banque de France : <\/span><a href=\"http:\/\/www.banque-france.fr\/fr\/instit\/telechar\/discours\/cp_20071115.pdf\"><span style=\"font-size: 1.2em;\">ici<\/span><\/a><\/p>\n<p><span style=\"font-size: 1.2em;\">Flavien Neuvy<\/span><\/p>\n","protected":false},"excerpt":{"rendered":"<p>La Banque de France vient de publier une \u00e9tude qui met en \u00e9vidence une forte hausse du patrimoine moyen des m\u00e9nages fran\u00e7ais entre 1997 et 2003. La hausse enregistr\u00e9e sur la p\u00e9riode est de 64%&#8230;&#8230;.Celle-ci s&rsquo;explique en grande partie par la forte hausse de l&rsquo;immobilier qui a augment\u00e9 la valeur du patrimoine des m\u00e9nages propri\u00e9taires&nbsp;<\/p>\n<p><a class=\"btn btn-style\" href=\"https:\/\/flavienneuvy.fr\/index.php\/2007\/11\/15\/le-patrimoine-d\/\">Continuer la lecture&#8230;<\/a><\/p>\n","protected":false},"author":1,"featured_media":0,"comment_status":"open","ping_status":"open","sticky":false,"template":"","format":"standard","meta":[],"categories":[1],"tags":[],"_links":{"self":[{"href":"https:\/\/flavienneuvy.fr\/index.php\/wp-json\/wp\/v2\/posts\/1238"}],"collection":[{"href":"https:\/\/flavienneuvy.fr\/index.php\/wp-json\/wp\/v2\/posts"}],"about":[{"href":"https:\/\/flavienneuvy.fr\/index.php\/wp-json\/wp\/v2\/types\/post"}],"author":[{"embeddable":true,"href":"https:\/\/flavienneuvy.fr\/index.php\/wp-json\/wp\/v2\/users\/1"}],"replies":[{"embeddable":true,"href":"https:\/\/flavienneuvy.fr\/index.php\/wp-json\/wp\/v2\/comments?post=1238"}],"version-history":[{"count":0,"href":"https:\/\/flavienneuvy.fr\/index.php\/wp-json\/wp\/v2\/posts\/1238\/revisions"}],"wp:attachment":[{"href":"https:\/\/flavienneuvy.fr\/index.php\/wp-json\/wp\/v2\/media?parent=1238"}],"wp:term":[{"taxonomy":"category","embeddable":true,"href":"https:\/\/flavienneuvy.fr\/index.php\/wp-json\/wp\/v2\/categories?post=1238"},{"taxonomy":"post_tag","embeddable":true,"href":"https:\/\/flavienneuvy.fr\/index.php\/wp-json\/wp\/v2\/tags?post=1238"}],"curies":[{"name":"wp","href":"https:\/\/api.w.org\/{rel}","templated":true}]}}