{"id":1242,"date":"2007-11-09T21:24:09","date_gmt":"2007-11-09T20:24:09","guid":{"rendered":"http:\/\/flavienneuvy.fr\/index.php\/2007\/11\/09\/le-tgv-en-auver\/"},"modified":"2007-11-09T21:24:09","modified_gmt":"2007-11-09T20:24:09","slug":"le-tgv-en-auver","status":"publish","type":"post","link":"https:\/\/flavienneuvy.fr\/index.php\/2007\/11\/09\/le-tgv-en-auver\/","title":{"rendered":"Le TGV en Auvergne ?"},"content":{"rendered":"<p><span style=\"font-size: 1.2em;\">Le TGV pourrait bien arriver (enfin) en Auvergne et c&rsquo;est une tr\u00e8s bonne nouvelle qui devrait faire l&rsquo;unanimit\u00e9. Je dis &quot;devrait&quot; car \u00e0 voir les r\u00e9actions de certains leaders de la gauche Auvergnate, on est en droit de se poser des questions&#8230;&#8230;<\/span><\/p>\n<p><span style=\"font-size: 1.2em;\">C&rsquo;est vrai que depuis plusieurs mois, les responsables socialistes tentaient (en vain) de faire avancer le dossier. C&rsquo;est \u00e9galement vrai que le grenelle de l&rsquo;environnement initi\u00e9 par le pr\u00e9sident de la R\u00e9publique permet de remettre sur la table un certain nombre de projets de LGV.<\/span><\/p>\n<p><span style=\"font-size: 1.2em;\">Mais tout cela aurait pu rester \u00e0 l&rsquo;\u00e9tat de vague projet sans l&rsquo;impulsion d\u00e9cisive du ministre Brice HORTEFEUX dans ce dossier. Et ce point provoque chez certains socialistes locaux des crises convulsives. Je vous invite \u00e0 lire le blog de&nbsp; <a href=\"http:\/\/www.renesouchonblog.com\/article-7238138.html\">R Souchon<\/a> pour vous rendre compte qu&rsquo;on peut se demander si l&rsquo;action efficace de Brice Hortefeux sur ce dossier est vraiment une bonne nouvelle pour tout le monde&#8230;&#8230;<\/span><\/p>\n<p><span style=\"font-size: 1.2em;\">Encore une fois, en politique, les r\u00e9sultats, les faits comptent plus que les bons sentiments et les incantations.<\/span><\/p>\n<p><span style=\"font-size: 1.2em;\">Flavien Neuvy<\/span><\/p>\n","protected":false},"excerpt":{"rendered":"<p>Le TGV pourrait bien arriver (enfin) en Auvergne et c&rsquo;est une tr\u00e8s bonne nouvelle qui devrait faire l&rsquo;unanimit\u00e9. Je dis &quot;devrait&quot; car \u00e0 voir les r\u00e9actions de certains leaders de la gauche Auvergnate, on est en droit de se poser des questions&#8230;&#8230; C&rsquo;est vrai que depuis plusieurs mois, les responsables socialistes tentaient (en vain) de&nbsp;<\/p>\n<p><a class=\"btn btn-style\" href=\"https:\/\/flavienneuvy.fr\/index.php\/2007\/11\/09\/le-tgv-en-auver\/\">Continuer la lecture&#8230;<\/a><\/p>\n","protected":false},"author":1,"featured_media":0,"comment_status":"open","ping_status":"open","sticky":false,"template":"","format":"standard","meta":[],"categories":[2],"tags":[],"_links":{"self":[{"href":"https:\/\/flavienneuvy.fr\/index.php\/wp-json\/wp\/v2\/posts\/1242"}],"collection":[{"href":"https:\/\/flavienneuvy.fr\/index.php\/wp-json\/wp\/v2\/posts"}],"about":[{"href":"https:\/\/flavienneuvy.fr\/index.php\/wp-json\/wp\/v2\/types\/post"}],"author":[{"embeddable":true,"href":"https:\/\/flavienneuvy.fr\/index.php\/wp-json\/wp\/v2\/users\/1"}],"replies":[{"embeddable":true,"href":"https:\/\/flavienneuvy.fr\/index.php\/wp-json\/wp\/v2\/comments?post=1242"}],"version-history":[{"count":0,"href":"https:\/\/flavienneuvy.fr\/index.php\/wp-json\/wp\/v2\/posts\/1242\/revisions"}],"wp:attachment":[{"href":"https:\/\/flavienneuvy.fr\/index.php\/wp-json\/wp\/v2\/media?parent=1242"}],"wp:term":[{"taxonomy":"category","embeddable":true,"href":"https:\/\/flavienneuvy.fr\/index.php\/wp-json\/wp\/v2\/categories?post=1242"},{"taxonomy":"post_tag","embeddable":true,"href":"https:\/\/flavienneuvy.fr\/index.php\/wp-json\/wp\/v2\/tags?post=1242"}],"curies":[{"name":"wp","href":"https:\/\/api.w.org\/{rel}","templated":true}]}}