{"id":1245,"date":"2007-11-04T20:51:12","date_gmt":"2007-11-04T19:51:12","guid":{"rendered":"http:\/\/flavienneuvy.fr\/index.php\/2007\/11\/04\/cbaztv-et-les-1\/"},"modified":"2007-11-04T20:51:12","modified_gmt":"2007-11-04T19:51:12","slug":"cbaztv-et-les-1","status":"publish","type":"post","link":"https:\/\/flavienneuvy.fr\/index.php\/2007\/11\/04\/cbaztv-et-les-1\/","title":{"rendered":"C\u00e9baz&rsquo;TV et les m\u00e9dias,"},"content":{"rendered":"<p><span style=\"font-size: 1.2em;\">Le lancemement de C\u00e9baz&rsquo;TV le 26 octobre dernier a b\u00e9n\u00e9fici\u00e9 de bonnes retomb\u00e9es dans les m\u00e9dias. Nous avons eu un article consacr\u00e9 \u00e0 notre Web TV de C\u00e9bazat dans La Montagne. J&rsquo;ai r\u00e9pondu \u00e0 2 interviews pour France Bleu Pays d&rsquo;Auvergne et radio Scoop et une \u00e9quipe de France 3 vient tourner un reportage sur ce sujet ce jeudi.<\/span><\/p>\n<p><span style=\"font-size: 1.2em;\">Par ailleurs, le lancement de notre web TV a dop\u00e9 l&rsquo;audience de notre site avec un mois d&rsquo;octobre record avec 3200 pages vues.<\/span><\/p>\n<p><span style=\"font-size: 1.2em;\">Flavien NEUVY<\/span><\/p>\n","protected":false},"excerpt":{"rendered":"<p>Le lancemement de C\u00e9baz&rsquo;TV le 26 octobre dernier a b\u00e9n\u00e9fici\u00e9 de bonnes retomb\u00e9es dans les m\u00e9dias. Nous avons eu un article consacr\u00e9 \u00e0 notre Web TV de C\u00e9bazat dans La Montagne. J&rsquo;ai r\u00e9pondu \u00e0 2 interviews pour France Bleu Pays d&rsquo;Auvergne et radio Scoop et une \u00e9quipe de France 3 vient tourner un reportage sur&nbsp;<\/p>\n<p><a class=\"btn btn-style\" href=\"https:\/\/flavienneuvy.fr\/index.php\/2007\/11\/04\/cbaztv-et-les-1\/\">Continuer la lecture&#8230;<\/a><\/p>\n","protected":false},"author":1,"featured_media":0,"comment_status":"open","ping_status":"open","sticky":false,"template":"","format":"standard","meta":[],"categories":[1],"tags":[],"_links":{"self":[{"href":"https:\/\/flavienneuvy.fr\/index.php\/wp-json\/wp\/v2\/posts\/1245"}],"collection":[{"href":"https:\/\/flavienneuvy.fr\/index.php\/wp-json\/wp\/v2\/posts"}],"about":[{"href":"https:\/\/flavienneuvy.fr\/index.php\/wp-json\/wp\/v2\/types\/post"}],"author":[{"embeddable":true,"href":"https:\/\/flavienneuvy.fr\/index.php\/wp-json\/wp\/v2\/users\/1"}],"replies":[{"embeddable":true,"href":"https:\/\/flavienneuvy.fr\/index.php\/wp-json\/wp\/v2\/comments?post=1245"}],"version-history":[{"count":0,"href":"https:\/\/flavienneuvy.fr\/index.php\/wp-json\/wp\/v2\/posts\/1245\/revisions"}],"wp:attachment":[{"href":"https:\/\/flavienneuvy.fr\/index.php\/wp-json\/wp\/v2\/media?parent=1245"}],"wp:term":[{"taxonomy":"category","embeddable":true,"href":"https:\/\/flavienneuvy.fr\/index.php\/wp-json\/wp\/v2\/categories?post=1245"},{"taxonomy":"post_tag","embeddable":true,"href":"https:\/\/flavienneuvy.fr\/index.php\/wp-json\/wp\/v2\/tags?post=1245"}],"curies":[{"name":"wp","href":"https:\/\/api.w.org\/{rel}","templated":true}]}}