{"id":1254,"date":"2007-10-23T15:12:31","date_gmt":"2007-10-23T14:12:31","guid":{"rendered":"http:\/\/flavienneuvy.fr\/index.php\/2007\/10\/23\/guy-mquet-polmi\/"},"modified":"2007-10-23T15:12:31","modified_gmt":"2007-10-23T14:12:31","slug":"guy-mquet-polmi","status":"publish","type":"post","link":"https:\/\/flavienneuvy.fr\/index.php\/2007\/10\/23\/guy-mquet-polmi\/","title":{"rendered":"Guy M\u00f4quet, pol\u00e9mique suite et fin,"},"content":{"rendered":"<p><span style=\"color: #333333;\"><strong>Qui n\u2019a pas entendu parler de la lettre de Guy M\u00f4quet adress\u00e9e \u00e0 ses parents juste avant d\u2019\u00eatre fusill\u00e9 par les Allemands en 1941 ? Ce sujet a fait la une de l\u2019actualit\u00e9 et toute la presse a \u00e9voqu\u00e9 la pol\u00e9mique qui a suivi. Je ne vais pas aborder la question de savoir s\u2019il fallait faire lire cette lettre dans les \u00e9coles ou non, je suis plut\u00f4t r\u00e9serv\u00e9 sur cette id\u00e9e, mais je laisse le d\u00e9bat ouvert pour ceux qui voudront en discuter sur le Blog en laissant un commentaire.<\/p>\n<p>Flavien NEUVY<\/strong><\/span>&nbsp;<\/p>\n","protected":false},"excerpt":{"rendered":"<p>Qui n\u2019a pas entendu parler de la lettre de Guy M\u00f4quet adress\u00e9e \u00e0 ses parents juste avant d\u2019\u00eatre fusill\u00e9 par les Allemands en 1941 ? Ce sujet a fait la une de l\u2019actualit\u00e9 et toute la presse a \u00e9voqu\u00e9 la pol\u00e9mique qui a suivi. Je ne vais pas aborder la question de savoir s\u2019il fallait&nbsp;<\/p>\n<p><a class=\"btn btn-style\" href=\"https:\/\/flavienneuvy.fr\/index.php\/2007\/10\/23\/guy-mquet-polmi\/\">Continuer la lecture&#8230;<\/a><\/p>\n","protected":false},"author":1,"featured_media":0,"comment_status":"open","ping_status":"open","sticky":false,"template":"","format":"standard","meta":[],"categories":[1],"tags":[],"_links":{"self":[{"href":"https:\/\/flavienneuvy.fr\/index.php\/wp-json\/wp\/v2\/posts\/1254"}],"collection":[{"href":"https:\/\/flavienneuvy.fr\/index.php\/wp-json\/wp\/v2\/posts"}],"about":[{"href":"https:\/\/flavienneuvy.fr\/index.php\/wp-json\/wp\/v2\/types\/post"}],"author":[{"embeddable":true,"href":"https:\/\/flavienneuvy.fr\/index.php\/wp-json\/wp\/v2\/users\/1"}],"replies":[{"embeddable":true,"href":"https:\/\/flavienneuvy.fr\/index.php\/wp-json\/wp\/v2\/comments?post=1254"}],"version-history":[{"count":0,"href":"https:\/\/flavienneuvy.fr\/index.php\/wp-json\/wp\/v2\/posts\/1254\/revisions"}],"wp:attachment":[{"href":"https:\/\/flavienneuvy.fr\/index.php\/wp-json\/wp\/v2\/media?parent=1254"}],"wp:term":[{"taxonomy":"category","embeddable":true,"href":"https:\/\/flavienneuvy.fr\/index.php\/wp-json\/wp\/v2\/categories?post=1254"},{"taxonomy":"post_tag","embeddable":true,"href":"https:\/\/flavienneuvy.fr\/index.php\/wp-json\/wp\/v2\/tags?post=1254"}],"curies":[{"name":"wp","href":"https:\/\/api.w.org\/{rel}","templated":true}]}}