{"id":1261,"date":"2007-10-09T22:28:24","date_gmt":"2007-10-09T21:28:24","guid":{"rendered":"http:\/\/flavienneuvy.fr\/index.php\/2007\/10\/09\/fadela-amara-sn\/"},"modified":"2007-10-09T22:28:24","modified_gmt":"2007-10-09T21:28:24","slug":"fadela-amara-sn","status":"publish","type":"post","link":"https:\/\/flavienneuvy.fr\/index.php\/2007\/10\/09\/fadela-amara-sn\/","title":{"rendered":"Fadela Amara s&rsquo;\u00e9nerve,"},"content":{"rendered":"<p><span style=\"font-size: 1.2em;\">La Secr\u00e9taire d&rsquo;Etat \u00e0 la Politique de la ville a jug\u00e9 &quot;d\u00e9gueulasse d&rsquo;instrumentaliser l&rsquo;immigration&quot; avec les tests ADN. Alors chacun a le droit d&rsquo;avoir son avis sur la question et chaque avis est respectable. Je suis plut\u00f4t r\u00e9serv\u00e9 sur cette mesure. Ce n&rsquo;est pas le c\u00f4t\u00e9 &quot;\u00e9thique&quot; qui me g\u00eane mais je doute de l&rsquo;efficacit\u00e9 de cette mesure. Le rapport co\u00fbt\/efficacit\u00e9 ne me para\u00eet pas convainquant.<\/span><\/p>\n<p><span style=\"font-size: 1.2em;\">Par contre les propos de Fadela Amara sont inappropri\u00e9s. On n&#8217;emploie pas ce vocabulaire quand on est ministre de la r\u00e9publique. J&rsquo;ai entendu certains expliquer que &quot;ce n&rsquo;\u00e9tait pas grave puisqu&rsquo;elle parle comme on parle dans la rue tous les jours&quot;. La seule chose c&rsquo;est que, justement, quand on est au gouvernement, on n&rsquo;est pas dans la rue et on fait attention \u00e0 la tournure de ses phrases et au vocubulaire utilis\u00e9.<\/span><\/p>\n<p><span style=\"font-size: 1.2em;\">C&rsquo;est donc pour moi un d\u00e9rapage verbal.<\/span><\/p>\n<p><span style=\"font-size: 1.2em;\">Flavien NEUVY<\/span><\/p>\n","protected":false},"excerpt":{"rendered":"<p>La Secr\u00e9taire d&rsquo;Etat \u00e0 la Politique de la ville a jug\u00e9 &quot;d\u00e9gueulasse d&rsquo;instrumentaliser l&rsquo;immigration&quot; avec les tests ADN. Alors chacun a le droit d&rsquo;avoir son avis sur la question et chaque avis est respectable. Je suis plut\u00f4t r\u00e9serv\u00e9 sur cette mesure. Ce n&rsquo;est pas le c\u00f4t\u00e9 &quot;\u00e9thique&quot; qui me g\u00eane mais je doute de l&rsquo;efficacit\u00e9&nbsp;<\/p>\n<p><a class=\"btn btn-style\" href=\"https:\/\/flavienneuvy.fr\/index.php\/2007\/10\/09\/fadela-amara-sn\/\">Continuer la lecture&#8230;<\/a><\/p>\n","protected":false},"author":1,"featured_media":0,"comment_status":"open","ping_status":"open","sticky":false,"template":"","format":"standard","meta":[],"categories":[1],"tags":[],"_links":{"self":[{"href":"https:\/\/flavienneuvy.fr\/index.php\/wp-json\/wp\/v2\/posts\/1261"}],"collection":[{"href":"https:\/\/flavienneuvy.fr\/index.php\/wp-json\/wp\/v2\/posts"}],"about":[{"href":"https:\/\/flavienneuvy.fr\/index.php\/wp-json\/wp\/v2\/types\/post"}],"author":[{"embeddable":true,"href":"https:\/\/flavienneuvy.fr\/index.php\/wp-json\/wp\/v2\/users\/1"}],"replies":[{"embeddable":true,"href":"https:\/\/flavienneuvy.fr\/index.php\/wp-json\/wp\/v2\/comments?post=1261"}],"version-history":[{"count":0,"href":"https:\/\/flavienneuvy.fr\/index.php\/wp-json\/wp\/v2\/posts\/1261\/revisions"}],"wp:attachment":[{"href":"https:\/\/flavienneuvy.fr\/index.php\/wp-json\/wp\/v2\/media?parent=1261"}],"wp:term":[{"taxonomy":"category","embeddable":true,"href":"https:\/\/flavienneuvy.fr\/index.php\/wp-json\/wp\/v2\/categories?post=1261"},{"taxonomy":"post_tag","embeddable":true,"href":"https:\/\/flavienneuvy.fr\/index.php\/wp-json\/wp\/v2\/tags?post=1261"}],"curies":[{"name":"wp","href":"https:\/\/api.w.org\/{rel}","templated":true}]}}