{"id":1266,"date":"2007-10-03T09:06:39","date_gmt":"2007-10-03T08:06:39","guid":{"rendered":"http:\/\/flavienneuvy.fr\/index.php\/2007\/10\/03\/elections-mun-1\/"},"modified":"2007-10-03T09:06:39","modified_gmt":"2007-10-03T08:06:39","slug":"elections-mun-1","status":"publish","type":"post","link":"https:\/\/flavienneuvy.fr\/index.php\/2007\/10\/03\/elections-mun-1\/","title":{"rendered":"Elections municipales de C\u00e9bazat, top d\u00e9part !"},"content":{"rendered":"<div class=\"entry-body\">\n<p class=\"MsoNormal\" style=\"MARGIN: 0cm 0cm 0pt\"><span style=\"font-size: 1.2em;\">Avec l\u2019annonce de ma candidature lundi dernier, annonce reprise dans La Montagne de ce matin, la campagne des \u00e9lections municipales \u00e0 C\u00e9bazat a vraiment d\u00e9but\u00e9.<\/span> <\/p>\n<p class=\"MsoNormal\" style=\"MARGIN: 0cm 0cm 0pt\"><span style=\"font-size: 1.2em;\">Elles devraient se d\u00e9rouler le 9 mars prochain, c&rsquo;est-\u00e0-dire dans 6 mois. Vous le savez, Bernard AUBY, brigue un nouveau mandat. Les C\u00e9bazaires auront donc droit l\u2019ann\u00e9e prochaine, sauf coup de th\u00e9\u00e2tre de derni\u00e8re minute, \u00e0 un duel classique droite\/gauche. <\/span><\/p>\n<p class=\"MsoNormal\" style=\"MARGIN: 0cm 0cm 0pt\">\n<p class=\"MsoNormal\" style=\"MARGIN: 0cm 0cm 0pt\"><span style=\"font-size: 1.2em;\">Je dis classique mais l\u2019expression n\u2019est pas tout \u00e0 fait exacte puisque nous comptons dans notre \u00e9quipe, des personnes de gauche qui, elles aussi, pensent que notre ville a besoin d\u2019un nouveau souffle. Nous pr\u00e9senterons donc une liste ouverte, avec des femmes et des hommes venus de tous les milieux, de tous les horizons. <\/span><\/p>\n<p class=\"MsoNormal\" style=\"MARGIN: 0cm 0cm 0pt\"><span style=\"font-size: 1.2em;\">Notre candidature est une bonne chose pour le fonctionnement de la commune. Les C\u00e9bazaires pourront choisir, clairement, librement. <\/span><\/p>\n<p class=\"MsoNormal\" style=\"MARGIN: 0cm 0cm 0pt\">\n<p class=\"MsoNormal\" style=\"MARGIN: 0cm 0cm 0pt\"><span style=\"font-size: 1.2em;\">Nous avons devant nous 6 mois pour convaincre les C\u00e9bazaires. Bien s\u00fbr le Maire sortant est largement avantag\u00e9 sur le terrain m\u00e9diatique. Chaque f\u00eate, chaque \u00e9v\u00e8nement est une opportunit\u00e9 suppl\u00e9mentaire d\u2019appara\u00eetre dans les journaux. Le magazine de la ville est un puissant moyen de communication. Il utilise et optimise ces moyens m\u00e9diatiques pour mener sa campagne. C\u2019est de bonne guerre. <\/span><\/p>\n<p class=\"MsoNormal\" style=\"MARGIN: 0cm 0cm 0pt\">\n<p class=\"MsoNormal\" style=\"MARGIN: 0cm 0cm 0pt\"><span style=\"font-size: 1.2em;\">Mais qu\u2019on ne compte pas sur nous pour rester inactifs durant cette campagne. C\u2019est m\u00eame le contraire qui va se passer. Nous allons \u00eatre tr\u00e8s pr\u00e9sents sur le terrain. Mous m\u00e8nerons une campagne respectueuse des personnes (nous ne m\u00e8nerons aucune attaque personnelle), une campagne digne mais une campagne sans concession. Faire de la politique c\u2019est avoir des convictions et c\u2019est les exprimer. <\/span><\/p>\n<p class=\"MsoNormal\" style=\"MARGIN: 0cm 0cm 0pt\">\n<p class=\"MsoNormal\" style=\"MARGIN: 0cm 0cm 0pt\"><span style=\"font-size: 1.2em;\">C\u2019est donc sur le terrain des id\u00e9es que nous nous battrons, avec toute notre \u00e9nergie.<\/span><\/p>\n<p class=\"MsoNormal\" style=\"MARGIN: 0cm 0cm 0pt\">\n<p class=\"MsoNormal\" style=\"MARGIN: 0cm 0cm 0pt\"><span style=\"font-size: 1.2em;\">Flavien NEUVY <\/span><\/p>\n<\/div>\n","protected":false},"excerpt":{"rendered":"<p>Avec l\u2019annonce de ma candidature lundi dernier, annonce reprise dans La Montagne de ce matin, la campagne des \u00e9lections municipales \u00e0 C\u00e9bazat a vraiment d\u00e9but\u00e9. Elles devraient se d\u00e9rouler le 9 mars prochain, c&rsquo;est-\u00e0-dire dans 6 mois. Vous le savez, Bernard AUBY, brigue un nouveau mandat. Les C\u00e9bazaires auront donc droit l\u2019ann\u00e9e prochaine, sauf coup&nbsp;<\/p>\n<p><a class=\"btn btn-style\" href=\"https:\/\/flavienneuvy.fr\/index.php\/2007\/10\/03\/elections-mun-1\/\">Continuer la lecture&#8230;<\/a><\/p>\n","protected":false},"author":1,"featured_media":0,"comment_status":"open","ping_status":"open","sticky":false,"template":"","format":"standard","meta":[],"categories":[1],"tags":[],"_links":{"self":[{"href":"https:\/\/flavienneuvy.fr\/index.php\/wp-json\/wp\/v2\/posts\/1266"}],"collection":[{"href":"https:\/\/flavienneuvy.fr\/index.php\/wp-json\/wp\/v2\/posts"}],"about":[{"href":"https:\/\/flavienneuvy.fr\/index.php\/wp-json\/wp\/v2\/types\/post"}],"author":[{"embeddable":true,"href":"https:\/\/flavienneuvy.fr\/index.php\/wp-json\/wp\/v2\/users\/1"}],"replies":[{"embeddable":true,"href":"https:\/\/flavienneuvy.fr\/index.php\/wp-json\/wp\/v2\/comments?post=1266"}],"version-history":[{"count":0,"href":"https:\/\/flavienneuvy.fr\/index.php\/wp-json\/wp\/v2\/posts\/1266\/revisions"}],"wp:attachment":[{"href":"https:\/\/flavienneuvy.fr\/index.php\/wp-json\/wp\/v2\/media?parent=1266"}],"wp:term":[{"taxonomy":"category","embeddable":true,"href":"https:\/\/flavienneuvy.fr\/index.php\/wp-json\/wp\/v2\/categories?post=1266"},{"taxonomy":"post_tag","embeddable":true,"href":"https:\/\/flavienneuvy.fr\/index.php\/wp-json\/wp\/v2\/tags?post=1266"}],"curies":[{"name":"wp","href":"https:\/\/api.w.org\/{rel}","templated":true}]}}