{"id":1267,"date":"2007-10-01T05:38:24","date_gmt":"2007-10-01T04:38:24","guid":{"rendered":"http:\/\/flavienneuvy.fr\/index.php\/2007\/10\/01\/flavien-neuvy-a\/"},"modified":"2007-10-01T05:38:24","modified_gmt":"2007-10-01T04:38:24","slug":"flavien-neuvy-a","status":"publish","type":"post","link":"https:\/\/flavienneuvy.fr\/index.php\/2007\/10\/01\/flavien-neuvy-a\/","title":{"rendered":"Flavien NEUVY annonce sa candidature aux prochaines \u00e9lections municipales de C\u00e9bazat"},"content":{"rendered":"<p class=\"MsoNormal\" style=\"MARGIN: 0cm 0cm 0pt; tab-stops: 190.5pt\">\n<p><span style=\"font-size: 1.2em;\"><a onclick=\"window.open(this.href, '_blank', 'width=420,height=298,scrollbars=no,resizable=no,toolbar=no,directories=no,location=no,menubar=no,status=no,left=0,top=0'); return false\" href=\"http:\/\/cebazatpourdemain.neufblog.com\/.shared\/image.html?\/photos\/uncategorized\/logo_cebazat.jpg\"><img decoding=\"async\" loading=\"lazy\" title=\"Logo_cebazat\" height=\"70\" alt=\"Logo_cebazat\" src=\"http:\/\/cebazatpourdemain.neufblog.com\/cebazatpourdemain\/images\/logo_cebazat.jpg\" width=\"100\" border=\"0\" style=\"FLOAT: left; MARGIN: 0px 5px 5px 0px\" \/><\/a><\/span><\/p>\n<p><span style=\"font-size: 1.2em;\">Flavien Neuvy sera candidat aux prochaines \u00e9lections municipales de C\u00e9bazat et conduira une liste d&rsquo;union de la droite r\u00e9publicaine et du centre.<\/span><\/p>\n<p><span style=\"font-size: 1.2em;\">Cette liste sera aussi une liste d&rsquo;ouverture puisqu&rsquo;elle sera compos\u00e9e de personnes venant de tous les horizons. En effet, nous pouvons compter sur des hommes et des femmes de gauche qui ont d\u00e9cid\u00e9 de nous rejoindre car, comme nous, elles pensent que C\u00e9bazat a besoin d&rsquo;un nouveau souffle.<\/span><\/p>\n<p><span style=\"font-size: 1.2em;\">La ville, dirig\u00e9e par Bernard Auby depuis presque 25 ans, a besoin d&rsquo;un nouvel \u00e9lan. En 2001, l&rsquo;\u00e9quipe municipale sortante s&rsquo;est retrouv\u00e9e seule en lice et les C\u00e9bazaires ont \u00e9t\u00e9 priv\u00e9s d&rsquo;un choix bien l\u00e9gitime en d\u00e9mocratie.<\/span><\/p>\n<p><span style=\"font-size: 1.2em;\">En mars 2008, les habitants de la treizi\u00e8me ville du d\u00e9partement auront donc le choix entre plusieurs projets, entre plusieurs \u00e9quipes.<\/span><\/p>\n<p><span style=\"font-size: 1.2em;\">C&rsquo;est une bonne nouvelle pour le bon fonctionnement de notre commune.<\/span> <\/p>\n","protected":false},"excerpt":{"rendered":"<p>Flavien Neuvy sera candidat aux prochaines \u00e9lections municipales de C\u00e9bazat et conduira une liste d&rsquo;union de la droite r\u00e9publicaine et du centre. Cette liste sera aussi une liste d&rsquo;ouverture puisqu&rsquo;elle sera compos\u00e9e de personnes venant de tous les horizons. En effet, nous pouvons compter sur des hommes et des femmes de gauche qui ont d\u00e9cid\u00e9&nbsp;<\/p>\n<p><a class=\"btn btn-style\" href=\"https:\/\/flavienneuvy.fr\/index.php\/2007\/10\/01\/flavien-neuvy-a\/\">Continuer la lecture&#8230;<\/a><\/p>\n","protected":false},"author":1,"featured_media":0,"comment_status":"open","ping_status":"open","sticky":false,"template":"","format":"standard","meta":[],"categories":[1],"tags":[],"_links":{"self":[{"href":"https:\/\/flavienneuvy.fr\/index.php\/wp-json\/wp\/v2\/posts\/1267"}],"collection":[{"href":"https:\/\/flavienneuvy.fr\/index.php\/wp-json\/wp\/v2\/posts"}],"about":[{"href":"https:\/\/flavienneuvy.fr\/index.php\/wp-json\/wp\/v2\/types\/post"}],"author":[{"embeddable":true,"href":"https:\/\/flavienneuvy.fr\/index.php\/wp-json\/wp\/v2\/users\/1"}],"replies":[{"embeddable":true,"href":"https:\/\/flavienneuvy.fr\/index.php\/wp-json\/wp\/v2\/comments?post=1267"}],"version-history":[{"count":0,"href":"https:\/\/flavienneuvy.fr\/index.php\/wp-json\/wp\/v2\/posts\/1267\/revisions"}],"wp:attachment":[{"href":"https:\/\/flavienneuvy.fr\/index.php\/wp-json\/wp\/v2\/media?parent=1267"}],"wp:term":[{"taxonomy":"category","embeddable":true,"href":"https:\/\/flavienneuvy.fr\/index.php\/wp-json\/wp\/v2\/categories?post=1267"},{"taxonomy":"post_tag","embeddable":true,"href":"https:\/\/flavienneuvy.fr\/index.php\/wp-json\/wp\/v2\/tags?post=1267"}],"curies":[{"name":"wp","href":"https:\/\/api.w.org\/{rel}","templated":true}]}}