{"id":1273,"date":"2007-09-18T09:56:10","date_gmt":"2007-09-18T08:56:10","guid":{"rendered":"http:\/\/flavienneuvy.fr\/index.php\/2007\/09\/18\/sgolne-royal-pa\/"},"modified":"2007-09-18T09:56:10","modified_gmt":"2007-09-18T08:56:10","slug":"sgolne-royal-pa","status":"publish","type":"post","link":"https:\/\/flavienneuvy.fr\/index.php\/2007\/09\/18\/sgolne-royal-pa\/","title":{"rendered":"S\u00e9gol\u00e8ne Royal : paroles bibliques \u2026."},"content":{"rendered":"<p class=\"MsoNormal\" style=\"TEXT-JUSTIFY: inter-ideograph; MARGIN: 0cm 0cm 0pt; TEXT-ALIGN: justify\"><span face=\"Times New Roman\">Lors de son dernier meeting \u00e0 la veille du deuxi\u00e8me tour de l\u2019\u00e9lection pr\u00e9sidentielle, S\u00e9gol\u00e8ne Royal nous avait stup\u00e9fi\u00e9 avec un \u00ab aimez-vous les uns les autres \u00bb inattendu. Ce propos quasi religieux m\u2019avait beaucoup surpris \u00e0 l\u2019\u00e9poque.<\/span><\/p>\n<p class=\"MsoNormal\" style=\"TEXT-JUSTIFY: inter-ideograph; MARGIN: 0cm 0cm 0pt; TEXT-ALIGN: justify\"><span face=\"Times New Roman\">Et voila que S\u00e9gol\u00e8ne Royal remet le couvert sur les propos religieux et monte d\u2019un cran puisqu\u2019elle reprend \u00e0 son compte des propos du Christ prononc\u00e9s au moment de la crucifixion, ni plus ni moins. Elle a r\u00e9pondu, en r\u00e9action au livre de L.Jospin qui vient de sortir, \u00ab pardonnez-leur parce qu\u2019ils ne savent pas ce qu\u2019ils font \u00bb\u2026.<\/span><\/p>\n<p class=\"MsoNormal\" style=\"TEXT-JUSTIFY: inter-ideograph; MARGIN: 0cm 0cm 0pt; TEXT-ALIGN: justify\"><span face=\"Times New Roman\">Pour qui se prend t-elle ? Pour une sainte ? Pour une ic\u00f4ne ?<\/span><\/p>\n<p class=\"MsoNormal\" style=\"TEXT-JUSTIFY: inter-ideograph; MARGIN: 0cm 0cm 0pt; TEXT-ALIGN: justify\">\n<p><span face=\"Times New Roman\"> <\/span><\/p>\n<\/p>\n<p class=\"MsoNormal\" style=\"TEXT-JUSTIFY: inter-ideograph; MARGIN: 0cm 0cm 0pt; TEXT-ALIGN: justify\"><span face=\"Times New Roman\">Il faut arr\u00eater madame Royal, cela devient ridicule. <\/span><\/p>\n<p class=\"MsoNormal\" style=\"TEXT-JUSTIFY: inter-ideograph; MARGIN: 0cm 0cm 0pt; TEXT-ALIGN: justify\">\n<p><span face=\"Times New Roman\"> <\/span><\/p>\n<\/p>\n<p class=\"MsoNormal\" style=\"TEXT-JUSTIFY: inter-ideograph; MARGIN: 0cm 0cm 0pt; TEXT-ALIGN: justify\"><span face=\"Times New Roman\">Flavien NEUVY<\/span><\/p>\n","protected":false},"excerpt":{"rendered":"<p>Lors de son dernier meeting \u00e0 la veille du deuxi\u00e8me tour de l\u2019\u00e9lection pr\u00e9sidentielle, S\u00e9gol\u00e8ne Royal nous avait stup\u00e9fi\u00e9 avec un \u00ab aimez-vous les uns les autres \u00bb inattendu. Ce propos quasi religieux m\u2019avait beaucoup surpris \u00e0 l\u2019\u00e9poque. Et voila que S\u00e9gol\u00e8ne Royal remet le couvert sur les propos religieux et monte d\u2019un cran puisqu\u2019elle&nbsp;<\/p>\n<p><a class=\"btn btn-style\" href=\"https:\/\/flavienneuvy.fr\/index.php\/2007\/09\/18\/sgolne-royal-pa\/\">Continuer la lecture&#8230;<\/a><\/p>\n","protected":false},"author":1,"featured_media":0,"comment_status":"open","ping_status":"open","sticky":false,"template":"","format":"standard","meta":[],"categories":[1],"tags":[],"_links":{"self":[{"href":"https:\/\/flavienneuvy.fr\/index.php\/wp-json\/wp\/v2\/posts\/1273"}],"collection":[{"href":"https:\/\/flavienneuvy.fr\/index.php\/wp-json\/wp\/v2\/posts"}],"about":[{"href":"https:\/\/flavienneuvy.fr\/index.php\/wp-json\/wp\/v2\/types\/post"}],"author":[{"embeddable":true,"href":"https:\/\/flavienneuvy.fr\/index.php\/wp-json\/wp\/v2\/users\/1"}],"replies":[{"embeddable":true,"href":"https:\/\/flavienneuvy.fr\/index.php\/wp-json\/wp\/v2\/comments?post=1273"}],"version-history":[{"count":0,"href":"https:\/\/flavienneuvy.fr\/index.php\/wp-json\/wp\/v2\/posts\/1273\/revisions"}],"wp:attachment":[{"href":"https:\/\/flavienneuvy.fr\/index.php\/wp-json\/wp\/v2\/media?parent=1273"}],"wp:term":[{"taxonomy":"category","embeddable":true,"href":"https:\/\/flavienneuvy.fr\/index.php\/wp-json\/wp\/v2\/categories?post=1273"},{"taxonomy":"post_tag","embeddable":true,"href":"https:\/\/flavienneuvy.fr\/index.php\/wp-json\/wp\/v2\/tags?post=1273"}],"curies":[{"name":"wp","href":"https:\/\/api.w.org\/{rel}","templated":true}]}}