{"id":1276,"date":"2007-09-14T11:12:55","date_gmt":"2007-09-14T10:12:55","guid":{"rendered":"http:\/\/flavienneuvy.fr\/index.php\/2007\/09\/14\/les-retraites-e\/"},"modified":"2007-09-14T11:12:55","modified_gmt":"2007-09-14T10:12:55","slug":"les-retraites-e","status":"publish","type":"post","link":"https:\/\/flavienneuvy.fr\/index.php\/2007\/09\/14\/les-retraites-e\/","title":{"rendered":"Les retraites encore et toujours,"},"content":{"rendered":"<p class=\"MsoNormal\" style=\"TEXT-JUSTIFY: inter-ideograph; MARGIN: 0cm 0cm 0pt; TEXT-ALIGN: justify\"><span face=\"Times New Roman\">Les lecteurs fid\u00e8les de ce blog connaissent mes convictions sur les retraites : il faudra travailler plus longtemps pour sauver notre syst\u00e8me par r\u00e9partition. C\u2019est un th\u00e8me qui vient de faire la une de l\u2019actualit\u00e9 cette semaine avec le projet de r\u00e9forme des r\u00e9gimes sp\u00e9ciaux. Les Fran\u00e7ais y sont favorables et c\u2019est une question d\u2019\u00e9quit\u00e9.<\/span><\/p>\n<p class=\"MsoNormal\" style=\"TEXT-JUSTIFY: inter-ideograph; MARGIN: 0cm 0cm 0pt; TEXT-ALIGN: justify\"><span face=\"Times New Roman\">Ce qui m\u2019a fait plaisir c\u2019est d\u2019entendre certains socialistes (Vals, Moscovici) dire que la r\u00e9forme des retraites \u00e9tait in\u00e9luctable et qu\u2019il fallait avoir le courage de le dire. Je leur tire mon chapeau car c\u2019est courageux de leur part de prendre cette position alors que leur parti n\u2019a toujours pas pris une position coh\u00e9rente sur ce sujet. <\/span><\/p>\n<p class=\"MsoNormal\" style=\"TEXT-JUSTIFY: inter-ideograph; MARGIN: 0cm 0cm 0pt; TEXT-ALIGN: justify\">\n<p><span face=\"Times New Roman\"> <\/span><\/p>\n<\/p>\n<p class=\"MsoNormal\" style=\"TEXT-JUSTIFY: inter-ideograph; MARGIN: 0cm 0cm 0pt; TEXT-ALIGN: justify\"><span face=\"Times New Roman\">Flavien NEUVY<\/span><\/p>\n","protected":false},"excerpt":{"rendered":"<p>Les lecteurs fid\u00e8les de ce blog connaissent mes convictions sur les retraites : il faudra travailler plus longtemps pour sauver notre syst\u00e8me par r\u00e9partition. C\u2019est un th\u00e8me qui vient de faire la une de l\u2019actualit\u00e9 cette semaine avec le projet de r\u00e9forme des r\u00e9gimes sp\u00e9ciaux. Les Fran\u00e7ais y sont favorables et c\u2019est une question d\u2019\u00e9quit\u00e9.&nbsp;<\/p>\n<p><a class=\"btn btn-style\" href=\"https:\/\/flavienneuvy.fr\/index.php\/2007\/09\/14\/les-retraites-e\/\">Continuer la lecture&#8230;<\/a><\/p>\n","protected":false},"author":1,"featured_media":0,"comment_status":"open","ping_status":"open","sticky":false,"template":"","format":"standard","meta":[],"categories":[1],"tags":[],"_links":{"self":[{"href":"https:\/\/flavienneuvy.fr\/index.php\/wp-json\/wp\/v2\/posts\/1276"}],"collection":[{"href":"https:\/\/flavienneuvy.fr\/index.php\/wp-json\/wp\/v2\/posts"}],"about":[{"href":"https:\/\/flavienneuvy.fr\/index.php\/wp-json\/wp\/v2\/types\/post"}],"author":[{"embeddable":true,"href":"https:\/\/flavienneuvy.fr\/index.php\/wp-json\/wp\/v2\/users\/1"}],"replies":[{"embeddable":true,"href":"https:\/\/flavienneuvy.fr\/index.php\/wp-json\/wp\/v2\/comments?post=1276"}],"version-history":[{"count":0,"href":"https:\/\/flavienneuvy.fr\/index.php\/wp-json\/wp\/v2\/posts\/1276\/revisions"}],"wp:attachment":[{"href":"https:\/\/flavienneuvy.fr\/index.php\/wp-json\/wp\/v2\/media?parent=1276"}],"wp:term":[{"taxonomy":"category","embeddable":true,"href":"https:\/\/flavienneuvy.fr\/index.php\/wp-json\/wp\/v2\/categories?post=1276"},{"taxonomy":"post_tag","embeddable":true,"href":"https:\/\/flavienneuvy.fr\/index.php\/wp-json\/wp\/v2\/tags?post=1276"}],"curies":[{"name":"wp","href":"https:\/\/api.w.org\/{rel}","templated":true}]}}