{"id":1280,"date":"2007-09-05T19:05:37","date_gmt":"2007-09-05T18:05:37","guid":{"rendered":"http:\/\/flavienneuvy.fr\/index.php\/2007\/09\/05\/franois-holland\/"},"modified":"2007-09-05T19:05:37","modified_gmt":"2007-09-05T18:05:37","slug":"franois-holland","status":"publish","type":"post","link":"https:\/\/flavienneuvy.fr\/index.php\/2007\/09\/05\/franois-holland\/","title":{"rendered":"Fran\u00e7ois Hollande siffle la fin de la r\u00e9cr\u00e9ation,"},"content":{"rendered":"<p class=\"MsoNormal\" style=\"TEXT-JUSTIFY: inter-ideograph; MARGIN: 0cm 0cm 0pt; TEXT-ALIGN: justify\"><span face=\"Times New Roman\">En une phrase prononc\u00e9e lors de son discours de cl\u00f4ture de l\u2019universit\u00e9 d\u2019\u00e9t\u00e9 du PS dimanche dernier, le premier secr\u00e9taire a enfin bris\u00e9 le tabou de la dur\u00e9e du temps de travail. <\/span><\/p>\n<p class=\"MsoNormal\" style=\"TEXT-JUSTIFY: inter-ideograph; MARGIN: 0cm 0cm 0pt; TEXT-ALIGN: justify\"><span face=\"Times New Roman\">Sur les 35 heures il a ainsi d\u00e9clar\u00e9 : \u00ab <em>C&rsquo;est vrai que <\/em><em>la France <\/em><em>ne travaille pas assez ! \u00bb <\/em><span style=\"mso-bidi-font-style: italic\">mais surtout \u00ab <em>le futur n&rsquo;est plus \u00e0 la diminution uniforme du temps de travail \u00bb<\/em>\u2026\u2026<\/span><\/span><\/p>\n<p class=\"MsoNormal\" style=\"TEXT-JUSTIFY: inter-ideograph; MARGIN: 0cm 0cm 0pt; TEXT-ALIGN: justify\"><span style=\"mso-bidi-font-style: italic\"><\/span><\/p>\n<p class=\"MsoNormal\" style=\"TEXT-JUSTIFY: inter-ideograph; MARGIN: 0cm 0cm 0pt; TEXT-ALIGN: justify\"><span style=\"mso-bidi-font-style: italic\"><span face=\"Times New Roman\">Enfin les socialistes semblent comprendre que nous vivons dans un monde ou il faudra travailler plus et plus longtemps. Ils vont, peut-\u00eatre, enfin rompre avec cette id\u00e9e absurde que le travail \u00e9tant l\u2019exploitation de l\u2019homme par l\u2019homme, il faut en diminuer au maximum la dur\u00e9e. C\u2019est l\u2019id\u00e9e qui a conduit aux 35 heures. D\u00e9sastre \u00e9conomique et social majeur pour notre pays, source de perte de comp\u00e9titivit\u00e9 pour nos industries et de d\u00e9localisations. Les 35 heures ont aussi eu ce m\u00e9rite de faire baisser le pouvoir d\u2019achat des fran\u00e7ais. C\u2019\u00e9tait d\u2019ailleurs tout \u00e0 fait dr\u00f4le de constater pendant la campagne pr\u00e9sidentielle que les socialistes regrettaient la baisse du pouvoir d\u2019achat de nos compatriotes. Comme si, \u00e0 la suite de la loi sur les 35 heures, on pouvait gagner plus en travaillant moins\u2026\u2026\u2026\u2026.Nicolas Sarkozy a eu le m\u00e9rite de dire la v\u00e9rit\u00e9 aux Fran\u00e7ais : oui c\u2019est l\u00e9gitime de vouloir gagner plus mais pour gagner plus il faut travailler plus. Une \u00e9vidence. <\/span><\/span><\/p>\n<p class=\"MsoNormal\" style=\"TEXT-JUSTIFY: inter-ideograph; MARGIN: 0cm 0cm 0pt; TEXT-ALIGN: justify\"><span style=\"mso-bidi-font-style: italic\"><\/span><\/p>\n<p class=\"MsoNormal\" style=\"TEXT-JUSTIFY: inter-ideograph; MARGIN: 0cm 0cm 0pt; TEXT-ALIGN: justify\"><span style=\"mso-bidi-font-style: italic\"><span face=\"Times New Roman\">J\u2019ajoute que pour certains m\u00e9tiers dont la p\u00e9nibilit\u00e9 n\u2019est plus \u00e0 d\u00e9montrer, il faudra imaginer de nouvelles pistes pour tenir compte de ce facteur dans l\u2019\u00e2ge de d\u00e9part \u00e0 la retraite. <\/span><\/span><\/p>\n<p class=\"MsoNormal\" style=\"TEXT-JUSTIFY: inter-ideograph; MARGIN: 0cm 0cm 0pt; TEXT-ALIGN: justify\">\n<p class=\"MsoNormal\" style=\"TEXT-JUSTIFY: inter-ideograph; MARGIN: 0cm 0cm 0pt; TEXT-ALIGN: justify\"><span style=\"mso-bidi-font-style: italic\"><span face=\"Times New Roman\">Flavien Neuvy.<\/span><\/span><\/p><\/p>\n","protected":false},"excerpt":{"rendered":"<p>En une phrase prononc\u00e9e lors de son discours de cl\u00f4ture de l\u2019universit\u00e9 d\u2019\u00e9t\u00e9 du PS dimanche dernier, le premier secr\u00e9taire a enfin bris\u00e9 le tabou de la dur\u00e9e du temps de travail. Sur les 35 heures il a ainsi d\u00e9clar\u00e9 : \u00ab C&rsquo;est vrai que la France ne travaille pas assez ! \u00bb mais surtout&nbsp;<\/p>\n<p><a class=\"btn btn-style\" href=\"https:\/\/flavienneuvy.fr\/index.php\/2007\/09\/05\/franois-holland\/\">Continuer la lecture&#8230;<\/a><\/p>\n","protected":false},"author":1,"featured_media":0,"comment_status":"open","ping_status":"open","sticky":false,"template":"","format":"standard","meta":[],"categories":[1],"tags":[],"_links":{"self":[{"href":"https:\/\/flavienneuvy.fr\/index.php\/wp-json\/wp\/v2\/posts\/1280"}],"collection":[{"href":"https:\/\/flavienneuvy.fr\/index.php\/wp-json\/wp\/v2\/posts"}],"about":[{"href":"https:\/\/flavienneuvy.fr\/index.php\/wp-json\/wp\/v2\/types\/post"}],"author":[{"embeddable":true,"href":"https:\/\/flavienneuvy.fr\/index.php\/wp-json\/wp\/v2\/users\/1"}],"replies":[{"embeddable":true,"href":"https:\/\/flavienneuvy.fr\/index.php\/wp-json\/wp\/v2\/comments?post=1280"}],"version-history":[{"count":0,"href":"https:\/\/flavienneuvy.fr\/index.php\/wp-json\/wp\/v2\/posts\/1280\/revisions"}],"wp:attachment":[{"href":"https:\/\/flavienneuvy.fr\/index.php\/wp-json\/wp\/v2\/media?parent=1280"}],"wp:term":[{"taxonomy":"category","embeddable":true,"href":"https:\/\/flavienneuvy.fr\/index.php\/wp-json\/wp\/v2\/categories?post=1280"},{"taxonomy":"post_tag","embeddable":true,"href":"https:\/\/flavienneuvy.fr\/index.php\/wp-json\/wp\/v2\/tags?post=1280"}],"curies":[{"name":"wp","href":"https:\/\/api.w.org\/{rel}","templated":true}]}}