{"id":1281,"date":"2007-09-02T16:40:48","date_gmt":"2007-09-02T15:40:48","guid":{"rendered":"http:\/\/flavienneuvy.fr\/index.php\/2007\/09\/02\/municipales-200\/"},"modified":"2007-09-02T16:40:48","modified_gmt":"2007-09-02T15:40:48","slug":"municipales-200","status":"publish","type":"post","link":"https:\/\/flavienneuvy.fr\/index.php\/2007\/09\/02\/municipales-200\/","title":{"rendered":"Municipales 2008 \u00e0 Clermont, les grandes manoeuvres ont commenc\u00e9,"},"content":{"rendered":"<p><span style=\"font-size: 1.2em;\">Les \u00e9lections municipales auront lieu dans moins de sept mois et d\u00e9j\u00e0 les grandes manoeuvres ont commenc\u00e9 dans les grandes villes mais aussi dans les villes de taille moyenne. Pour l&rsquo;instant c&rsquo;est la course aux investitures. <\/span><\/p>\n<p><span style=\"font-size: 1.2em;\">A Paris, Fran\u00e7oise de Pannafieu est la candidate officielle de l&rsquo;UMP mais certaines voix discordantes se font entendre (Debr\u00e9) et r\u00e9clament un autre candidat. Face \u00e0 elle Bertand Delano\u00eb est le candidat naturel de la gauche. Il vient d&rsquo;ailleurs de marquer des points lors de l&rsquo;universit\u00e9 d&rsquo;\u00e9t\u00e9 du PS et ne cache d\u00e9sormais plus ses ambitions nationales.<\/span><\/p>\n<p><span style=\"font-size: 1.2em;\">A Lyon G Collomb en appelle au MODEM pour faire une liste d&rsquo;union. Dominique Perben sera le candidat de l&rsquo;UMP \u00e0 Lyon et, n&rsquo;\u00e9tant plus ministre, peut pr\u00e9parer tranquillement sa campagne.A Marseille JC Gaudin part largement favori et \u00e0 Bordeaux difficile de savoir si A Jupp\u00e9 aura la volont\u00e9 de repartir dans une bataille \u00e9lectorale apr\u00e8s son \u00e9chec retentissant de juin dernier.<\/span><\/p>\n<p><span style=\"font-size: 1.2em;\">Et \u00e0 Clermont ? Difficile d&rsquo;y voir clair en r\u00e9alit\u00e9. A gauche, Serge Godard va se repr\u00e9senter contrairement \u00e0 ce qu&rsquo;il avait dit lors du dernier scrutin. C&rsquo;est d&rsquo;ailleurs la raison du coup d&rsquo;\u00e9clat du mois de juillet dernier : ne supportant plus les ambitions de Gilles-Jean Portejoie, le maire en place d\u00e9cide de l&rsquo;\u00e9carter purement et simplement. Quelle sera l&rsquo;attitude de Gilles-Jean Portejoie dans 7 mois ? C&rsquo;est la premi\u00e8re question. <\/span><\/p>\n<p><span style=\"font-size: 1.2em;\">Deuxi\u00e8me question : le MODEM (Fanget) passera-t-il un accord \u00e9lectoral ? Si oui avec qui, le PS ou l&rsquo;UMP ? <\/span><\/p>\n<p><span style=\"font-size: 1.2em;\">Troisi\u00e8me question, la principale pour la droite de notre d\u00e9partement : Brice Hortefeux va-t-il se lancer dans l&rsquo;aventure ? Prendra-t-il le risque de se lancer dans une \u00e9lection tr\u00e8s difficile (cf les r\u00e9sultats des pr\u00e9sidentielles et des l\u00e9gislatives \u00e0 Clermont) avec le risque d&rsquo;une d\u00e9faite au retentissement national ? <\/span><\/p>\n<p><span style=\"font-size: 1.2em;\">Si Brice Hortefeux n&rsquo;y va pas, qui y va pour la droite ? C&rsquo;est la quatri\u00e8me question. <\/span><\/p>\n<p><span style=\"font-size: 1.2em;\">Toujours est-il que sans attendre les d\u00e9cisions des uns et des autres, l&rsquo;association <a href=\"http:\/\/blog.clermont-avant-tout.fr\/\">Clermont Avant Tout<\/a> a lanc\u00e9 des groupes de r\u00e9flexion afin de pouvoir formuler d\u00e8s cet automne 50 propositions aux Clermontois. <\/span><\/p>\n<p><span style=\"font-size: 1.2em;\">A C\u00e9bazat les choses sont tr\u00e8s claires, il y aura une liste en face de celle de l&rsquo;\u00e9quipe municipale sortante. La campagne va bient\u00f4t commencer pour de bon. <\/span><\/p>\n<p><span style=\"font-size: 1.2em;\">Flavien Neuvy<\/span><\/p>\n","protected":false},"excerpt":{"rendered":"<p>Les \u00e9lections municipales auront lieu dans moins de sept mois et d\u00e9j\u00e0 les grandes manoeuvres ont commenc\u00e9 dans les grandes villes mais aussi dans les villes de taille moyenne. Pour l&rsquo;instant c&rsquo;est la course aux investitures. A Paris, Fran\u00e7oise de Pannafieu est la candidate officielle de l&rsquo;UMP mais certaines voix discordantes se font entendre (Debr\u00e9)&nbsp;<\/p>\n<p><a class=\"btn btn-style\" href=\"https:\/\/flavienneuvy.fr\/index.php\/2007\/09\/02\/municipales-200\/\">Continuer la lecture&#8230;<\/a><\/p>\n","protected":false},"author":1,"featured_media":0,"comment_status":"open","ping_status":"open","sticky":false,"template":"","format":"standard","meta":[],"categories":[1],"tags":[],"_links":{"self":[{"href":"https:\/\/flavienneuvy.fr\/index.php\/wp-json\/wp\/v2\/posts\/1281"}],"collection":[{"href":"https:\/\/flavienneuvy.fr\/index.php\/wp-json\/wp\/v2\/posts"}],"about":[{"href":"https:\/\/flavienneuvy.fr\/index.php\/wp-json\/wp\/v2\/types\/post"}],"author":[{"embeddable":true,"href":"https:\/\/flavienneuvy.fr\/index.php\/wp-json\/wp\/v2\/users\/1"}],"replies":[{"embeddable":true,"href":"https:\/\/flavienneuvy.fr\/index.php\/wp-json\/wp\/v2\/comments?post=1281"}],"version-history":[{"count":0,"href":"https:\/\/flavienneuvy.fr\/index.php\/wp-json\/wp\/v2\/posts\/1281\/revisions"}],"wp:attachment":[{"href":"https:\/\/flavienneuvy.fr\/index.php\/wp-json\/wp\/v2\/media?parent=1281"}],"wp:term":[{"taxonomy":"category","embeddable":true,"href":"https:\/\/flavienneuvy.fr\/index.php\/wp-json\/wp\/v2\/categories?post=1281"},{"taxonomy":"post_tag","embeddable":true,"href":"https:\/\/flavienneuvy.fr\/index.php\/wp-json\/wp\/v2\/tags?post=1281"}],"curies":[{"name":"wp","href":"https:\/\/api.w.org\/{rel}","templated":true}]}}