{"id":1282,"date":"2007-08-31T22:33:38","date_gmt":"2007-08-31T21:33:38","guid":{"rendered":"http:\/\/flavienneuvy.fr\/index.php\/2007\/08\/31\/le-ps-dans-le-1\/"},"modified":"2007-08-31T22:33:38","modified_gmt":"2007-08-31T21:33:38","slug":"le-ps-dans-le-1","status":"publish","type":"post","link":"https:\/\/flavienneuvy.fr\/index.php\/2007\/08\/31\/le-ps-dans-le-1\/","title":{"rendered":"Le PS dans le brouillard,"},"content":{"rendered":"<p><span style=\"font-size: 1.2em;\">L&rsquo;universit\u00e9 d&rsquo;\u00e9t\u00e9 du PS qui vient de d\u00e9buter \u00e0 La Rochelle doit d\u00e9sesp\u00e9rer bien des militants socialistes&#8230;.Entre les absents excus\u00e9s (DSK en campagne mondiale pour le FMI), les pr\u00e9sents et les absents dont on ignore la raison pour laquelle ils ne peuvent pas venir (Fabius, Aubry, Lang&#8230;), il y a de quoi \u00eatre un peu perdu. Vous ajoutez \u00e0 ce cocktail explosif une ribambelle de livres assassins sur les raisons de l&rsquo;\u00e9chec socialiste de mai dernier, et vous obtenez une ambiance tr\u00e8s morose chez tous les sympathisants de gauche.<\/span><\/p>\n<p><span style=\"font-size: 1.2em;\">Alors, comme je l&rsquo;avais d\u00e9j\u00e0 \u00e9crit sur ce blog, ce marasme socialiste ne me fait pas particuli\u00e8rement plaisir. Je continue de penser que pour le bon fonctionnement de nos institutions, notre pays a besoin d&rsquo;une majorit\u00e9 capable de gouverner le pays sur la base du programme pour lequel elle a \u00e9t\u00e9 \u00e9lue, mais notre pays a aussi besoin d&rsquo;une opposition forte, capable de proposer au pays un projet alternatif. Or la gauche en g\u00e9n\u00e9ral et le PS en particulier n&rsquo;ont pas la capacit\u00e9 de proposer un projet cr\u00e9dible aux Fran\u00e7ais. Je ne suis pas s\u00fbr qu&rsquo;un travail de r\u00e9flexion profond soit engag\u00e9 prochainement au parti socialiste.<\/span><\/p>\n<p><span style=\"font-size: 1.2em;\">En effet, tout le monde pense au prochain congr\u00e8s et certains se voient d\u00e9j\u00e0 candidats en 2012. N&rsquo;est-ce pas madame Royal ? La campagne interne au PS aurait-elle d\u00e9j\u00e0 commenc\u00e9 ?<\/span><\/p>\n<p><span style=\"font-size: 1.2em;\">Flavien Neuvy <\/span><\/p>\n","protected":false},"excerpt":{"rendered":"<p>L&rsquo;universit\u00e9 d&rsquo;\u00e9t\u00e9 du PS qui vient de d\u00e9buter \u00e0 La Rochelle doit d\u00e9sesp\u00e9rer bien des militants socialistes&#8230;.Entre les absents excus\u00e9s (DSK en campagne mondiale pour le FMI), les pr\u00e9sents et les absents dont on ignore la raison pour laquelle ils ne peuvent pas venir (Fabius, Aubry, Lang&#8230;), il y a de quoi \u00eatre un peu&nbsp;<\/p>\n<p><a class=\"btn btn-style\" href=\"https:\/\/flavienneuvy.fr\/index.php\/2007\/08\/31\/le-ps-dans-le-1\/\">Continuer la lecture&#8230;<\/a><\/p>\n","protected":false},"author":1,"featured_media":0,"comment_status":"open","ping_status":"open","sticky":false,"template":"","format":"standard","meta":[],"categories":[1],"tags":[],"_links":{"self":[{"href":"https:\/\/flavienneuvy.fr\/index.php\/wp-json\/wp\/v2\/posts\/1282"}],"collection":[{"href":"https:\/\/flavienneuvy.fr\/index.php\/wp-json\/wp\/v2\/posts"}],"about":[{"href":"https:\/\/flavienneuvy.fr\/index.php\/wp-json\/wp\/v2\/types\/post"}],"author":[{"embeddable":true,"href":"https:\/\/flavienneuvy.fr\/index.php\/wp-json\/wp\/v2\/users\/1"}],"replies":[{"embeddable":true,"href":"https:\/\/flavienneuvy.fr\/index.php\/wp-json\/wp\/v2\/comments?post=1282"}],"version-history":[{"count":0,"href":"https:\/\/flavienneuvy.fr\/index.php\/wp-json\/wp\/v2\/posts\/1282\/revisions"}],"wp:attachment":[{"href":"https:\/\/flavienneuvy.fr\/index.php\/wp-json\/wp\/v2\/media?parent=1282"}],"wp:term":[{"taxonomy":"category","embeddable":true,"href":"https:\/\/flavienneuvy.fr\/index.php\/wp-json\/wp\/v2\/categories?post=1282"},{"taxonomy":"post_tag","embeddable":true,"href":"https:\/\/flavienneuvy.fr\/index.php\/wp-json\/wp\/v2\/tags?post=1282"}],"curies":[{"name":"wp","href":"https:\/\/api.w.org\/{rel}","templated":true}]}}